{"id":8154,"date":"2022-10-12T14:26:39","date_gmt":"2022-10-12T12:26:39","guid":{"rendered":"https:\/\/0x1wxbcjat.preview.infomaniak.website\/?p=8154"},"modified":"2022-10-12T14:34:02","modified_gmt":"2022-10-12T12:34:02","slug":"etude-le-sans-chez-soirisme-suite-ou-fin","status":"publish","type":"post","link":"https:\/\/www.fdss.be\/fr\/etude-le-sans-chez-soirisme-suite-ou-fin\/","title":{"rendered":"Etude &#8211; \u00ab\u00a0Le sans-chez-soirisme : suite ou fin ?\u00a0\u00bb"},"content":{"rendered":"<p>La FdSS a particip\u00e9 au Comit\u00e9 d&rsquo;accompagnement de la recherche sur le <strong>co\u00fbt du sans-abrisme<\/strong>, qui a \u00e9t\u00e9 rendue publique le 28 septembre 2022.<\/p>\n<p>Voici le <strong>rapport<\/strong> de cette \u00e9tude :<\/p>\n<p><a class=\"button\" href=\"https:\/\/syndicatdesimmenses.be\/wp-content\/uploads\/2022\/09\/Rapport-DULBEA.pdf\" target=\"_blank\" rel=\"noopener\">Rapport version FR<\/a><\/p>\n<p><a class=\"button\" href=\"https:\/\/syndicatdesimmenses.be\/wp-content\/uploads\/2022\/09\/Rapport-DULBEA_resume.pdf\" target=\"_blank\" rel=\"noopener\">R\u00e9sum\u00e9 version FR<\/a><\/p>\n<p>Il y a eu de nombreux articles de presse \u00e0 ce sujet, notamment :<\/p>\n<ul>\n<li><a href=\"https:\/\/www.rtbf.be\/article\/sortir-des-sans-abri-de-la-rue-reloger-ne-coute-pas-plus-cher-11075516\" target=\"_blank\" rel=\"noopener\">rtbf.be<\/a><\/li>\n<li><a href=\"https:\/\/www.levif.be\/belgique\/la-gestion-des-sans-abris-coute-aussi-cher-que-leur-relogement-a-bruxelles\/\" target=\"_blank\" rel=\"noopener\">Le Vif<\/a><\/li>\n<li><a href=\"https:\/\/www.lavenir.net\/regions\/bruxelles\/2022\/09\/29\/moins-cher-de-reloger-les-personnes-sans-logement-un-sdf-coute-40000-par-an-a-bruxelles-DJTCKAYQWZCWFK35DNL7RRF42U\/\" target=\"_blank\" rel=\"noopener\">L&rsquo;Avenir<\/a><\/li>\n<li><a href=\"https:\/\/www.dhnet.be\/regions\/bruxelles\/2022\/09\/28\/moins-cher-de-reloger-les-personnes-sans-logement-un-sdf-coute-40-000-par-an-VXFNHUCIHZHXTGNDE7AZLEAFG4\/\" target=\"_blank\" rel=\"noopener\">La dh<\/a><\/li>\n<\/ul>\n<p>Ainsi qu&rsquo;une vid\u00e9o publi\u00e9e par <a href=\"https:\/\/bx1.be\/categories\/news\/reloger-les-personnes-sans-abris-ne-serait-pas-plus-cher-que-de-gerer-le-sans-abrisme\/\" target=\"_blank\" rel=\"noopener\">BX1<\/a><\/p>\n<p>&nbsp;<\/p>\n<p>&nbsp;<\/p>\n","protected":false},"excerpt":{"rendered":"<p>La FdSS a particip\u00e9 au Comit\u00e9 d&rsquo;accompagnement de la recherche sur le co\u00fbt du sans-abrisme, qui a \u00e9t\u00e9 rendue publique le 28 septembre 2022. Voici le rapport de cette \u00e9tude : Rapport version FR R\u00e9sum\u00e9 version FR Il y a eu de nombreux articles de presse \u00e0 ce sujet, notamment : rtbf.be Le Vif L&rsquo;Avenir [&hellip;]<\/p>\n","protected":false},"author":4,"featured_media":8160,"comment_status":"open","ping_status":"open","sticky":false,"template":"","format":"standard","meta":{"_acf_changed":false,"footnotes":""},"categories":[1],"tags":[],"class_list":["post-8154","post","type-post","status-publish","format-standard","has-post-thumbnail","hentry","category-fdss"],"acf":[],"_links":{"self":[{"href":"https:\/\/www.fdss.be\/fr\/wp-json\/wp\/v2\/posts\/8154","targetHints":{"allow":["GET"]}}],"collection":[{"href":"https:\/\/www.fdss.be\/fr\/wp-json\/wp\/v2\/posts"}],"about":[{"href":"https:\/\/www.fdss.be\/fr\/wp-json\/wp\/v2\/types\/post"}],"author":[{"embeddable":true,"href":"https:\/\/www.fdss.be\/fr\/wp-json\/wp\/v2\/users\/4"}],"replies":[{"embeddable":true,"href":"https:\/\/www.fdss.be\/fr\/wp-json\/wp\/v2\/comments?post=8154"}],"version-history":[{"count":3,"href":"https:\/\/www.fdss.be\/fr\/wp-json\/wp\/v2\/posts\/8154\/revisions"}],"predecessor-version":[{"id":8159,"href":"https:\/\/www.fdss.be\/fr\/wp-json\/wp\/v2\/posts\/8154\/revisions\/8159"}],"wp:featuredmedia":[{"embeddable":true,"href":"https:\/\/www.fdss.be\/fr\/wp-json\/wp\/v2\/media\/8160"}],"wp:attachment":[{"href":"https:\/\/www.fdss.be\/fr\/wp-json\/wp\/v2\/media?parent=8154"}],"wp:term":[{"taxonomy":"category","embeddable":true,"href":"https:\/\/www.fdss.be\/fr\/wp-json\/wp\/v2\/categories?post=8154"},{"taxonomy":"post_tag","embeddable":true,"href":"https:\/\/www.fdss.be\/fr\/wp-json\/wp\/v2\/tags?post=8154"}],"curies":[{"name":"wp","href":"https:\/\/api.w.org\/{rel}","templated":true}]}}