{"id":7510,"date":"2022-08-08T11:23:56","date_gmt":"2022-08-08T09:23:56","guid":{"rendered":"https:\/\/0x1wxbcjat.preview.infomaniak.website\/?p=7510"},"modified":"2022-09-15T14:54:54","modified_gmt":"2022-09-15T12:54:54","slug":"ce-qui-nous-arrive-crises-et-questionnements","status":"publish","type":"post","link":"https:\/\/www.fdss.be\/fr\/ce-qui-nous-arrive-crises-et-questionnements\/","title":{"rendered":"22 et 23 septembre : \u00ab Ce qui nous arrive \u00bb \u2013 Crises et questionnements"},"content":{"rendered":"<p><em>Ce qui nous arrive<\/em>, c\u2019est que les libert\u00e9s telles que nous les connaissons sont et seront de plus en plus profond\u00e9ment affect\u00e9es par les changements, les chaos et les situations que nous traversons et traverserons.<\/p>\n<p><em>Ce qui nous arrive<\/em>, c\u2019est que les in\u00e9galit\u00e9s sociales, qui sont sorties renforc\u00e9es de la pand\u00e9mie et qui affectent depuis de nouvelles cat\u00e9gories de la population, nous montrent que la pauvret\u00e9 n\u2019est pas et n\u2019a jamais \u00e9t\u00e9 une marginalit\u00e9.<\/p>\n<p><em>Ce qui nous arrive<\/em>, c\u2019est que les in\u00e9vitables et n\u00e9cessaires basculements permettant d\u2019affronter les chaos, de r\u00e9sister aux crises et d\u2019imaginer un futur commun n\u2019ont \u00e9t\u00e9 ni pens\u00e9s ni pr\u00e9par\u00e9s et que cette impr\u00e9paration constitue d\u2019abord une ins\u00e9curit\u00e9 sociale et politique.<\/p>\n<p>Deux journ\u00e9es de d\u00e9bats et de mobilisation des travailleurs sociaux et culturels de premi\u00e8re ligne<\/p>\n<p><a href=\"https:\/\/www.fdss.be\/cqna\/\">Pour plus d&rsquo;information et pour vous inscrire<\/a><\/p>\n","protected":false},"excerpt":{"rendered":"<p>Ce qui nous arrive, c\u2019est que les libert\u00e9s telles que nous les connaissons sont et seront de plus en plus profond\u00e9ment affect\u00e9es par les changements, les chaos et les situations que nous traversons et traverserons. Ce qui nous arrive, c\u2019est que les in\u00e9galit\u00e9s sociales, qui sont sorties renforc\u00e9es de la pand\u00e9mie et qui affectent depuis [&hellip;]<\/p>\n","protected":false},"author":4,"featured_media":7514,"comment_status":"open","ping_status":"open","sticky":false,"template":"","format":"standard","meta":{"_acf_changed":false,"footnotes":""},"categories":[1],"tags":[],"class_list":["post-7510","post","type-post","status-publish","format-standard","has-post-thumbnail","hentry","category-fdss"],"acf":[],"_links":{"self":[{"href":"https:\/\/www.fdss.be\/fr\/wp-json\/wp\/v2\/posts\/7510","targetHints":{"allow":["GET"]}}],"collection":[{"href":"https:\/\/www.fdss.be\/fr\/wp-json\/wp\/v2\/posts"}],"about":[{"href":"https:\/\/www.fdss.be\/fr\/wp-json\/wp\/v2\/types\/post"}],"author":[{"embeddable":true,"href":"https:\/\/www.fdss.be\/fr\/wp-json\/wp\/v2\/users\/4"}],"replies":[{"embeddable":true,"href":"https:\/\/www.fdss.be\/fr\/wp-json\/wp\/v2\/comments?post=7510"}],"version-history":[{"count":5,"href":"https:\/\/www.fdss.be\/fr\/wp-json\/wp\/v2\/posts\/7510\/revisions"}],"predecessor-version":[{"id":7682,"href":"https:\/\/www.fdss.be\/fr\/wp-json\/wp\/v2\/posts\/7510\/revisions\/7682"}],"wp:featuredmedia":[{"embeddable":true,"href":"https:\/\/www.fdss.be\/fr\/wp-json\/wp\/v2\/media\/7514"}],"wp:attachment":[{"href":"https:\/\/www.fdss.be\/fr\/wp-json\/wp\/v2\/media?parent=7510"}],"wp:term":[{"taxonomy":"category","embeddable":true,"href":"https:\/\/www.fdss.be\/fr\/wp-json\/wp\/v2\/categories?post=7510"},{"taxonomy":"post_tag","embeddable":true,"href":"https:\/\/www.fdss.be\/fr\/wp-json\/wp\/v2\/tags?post=7510"}],"curies":[{"name":"wp","href":"https:\/\/api.w.org\/{rel}","templated":true}]}}