{"id":7367,"date":"2022-07-07T10:06:57","date_gmt":"2022-07-07T08:06:57","guid":{"rendered":"https:\/\/0x1wxbcjat.preview.infomaniak.website\/?p=7367"},"modified":"2022-07-07T10:19:58","modified_gmt":"2022-07-07T08:19:58","slug":"lutte-contre-le-surendettement-contre-lextension-de-la-procedure-en-recouvrement-des-creances-non-contestees-aux-relations-entre-une-entreprise-et-un-consommateur","status":"publish","type":"post","link":"https:\/\/www.fdss.be\/fr\/lutte-contre-le-surendettement-contre-lextension-de-la-procedure-en-recouvrement-des-creances-non-contestees-aux-relations-entre-une-entreprise-et-un-consommateur\/","title":{"rendered":"Lutte contre le surendettement : contre l\u2019extension de la proc\u00e9dure en recouvrement des cr\u00e9ances non contest\u00e9es aux relations entre une entreprise et un consommateur"},"content":{"rendered":"<p>En nos qualit\u00e9s d\u2019associations actives dans la lutte contre le surendettement et la pauvret\u00e9, nous sommes tr\u00e8s pr\u00e9occup\u00e9s par divers projets l\u00e9gislatifs qui sont actuellement sur la table et qui sont cens\u00e9s lutter contre le surendettement des particuliers.<\/p>\n<p>Ainsi, nous avons appris que le Ministre de la Justice, Monsieur van Quickenborne, avait l\u2019intention d\u2019\u00e9tendre la proc\u00e9dure de recouvrement des cr\u00e9ances incontest\u00e9es (RCI) aux relations entre professionnels et consommateurs (BtoC).<\/p>\n<p>En ce qui nous concerne, et pour commencer, il est absurde que cette mesure soit propos\u00e9e dans le cadre de la lutte contre l&rsquo;endettement. Bien au contraire, si cette proposition aboutit, elle aura de graves cons\u00e9quences pour les consommateurs et pourrait simplement contribuer \u00e0 l&rsquo;aggravation de l&rsquo;endettement des particuliers.<\/p>\n<p>De quoi s\u2019agit-il ?<\/p>\n<p>La proc\u00e9dure de recouvrement des cr\u00e9ances incontest\u00e9es offre au cr\u00e9ancier la possibilit\u00e9 d&rsquo;obtenir un titre ex\u00e9cutoire au moyen d&rsquo;une proc\u00e9dure exp\u00e9ditive, sans avoir \u00e0 recourir \u00e0 un juge.<\/p>\n<p>En effet, il lui suffit, apr\u00e8s avoir re\u00e7u l\u2019aval d\u2019un avocat de mandater un huissier de justice pour en r\u00e9clamer le paiement au d\u00e9biteur. L\u2019huissier de justice signifie, alors, une sommation de payer au d\u00e9biteur, \u00e0 laquelle est joint un formulaire de contestation. Si le d\u00e9biteur ne r\u00e9agit pas dans le mois de la sommation de payer, le cr\u00e9ancier dispose d\u2019un titre ex\u00e9cutoire \u00e9quivalent \u00e0 un jugement !<\/p>\n<p>Cette proc\u00e9dure constitue un renversement des principes fondamentaux qui r\u00e9gissent notre \u00e9tat de droit et porte atteinte de mani\u00e8re disproportionn\u00e9e aux int\u00e9r\u00eats l\u00e9gitimes du consommateur :<\/p>\n<ol>\n<li>Ce n\u2019est pas parce qu\u2019une cr\u00e9ance n\u2019est pas contest\u00e9e qu\u2019elle n\u2019est pas contestable !<\/li>\n<li>Le consommateur, partie faible au contrat, doit \u00e0 ce titre b\u00e9n\u00e9ficier de la protection d\u2019un juge. Le droit europ\u00e9en impose d\u2019ailleurs que le juge contr\u00f4le d\u2019office (m\u00eame lorsque le consommateur n\u2019est pas pr\u00e9sent \u00e0 l\u2019audience) la l\u00e9galit\u00e9 de certaines clauses d\u2019un contrat de consommation.<\/li>\n<li>En favorisant l\u2019obtention rapide d\u2019un titre ex\u00e9cutoire, cette proc\u00e9dure r\u00e9duit d\u2019autant les chances d\u2019un r\u00e8glement \u00e0 l\u2019amiable de la cr\u00e9ance.<\/li>\n<li>Cette mesure est contreproductive pour lutter efficacement contre le surendettement puisque le consommateur fera plus rapidement l\u2019objet de mesures de recouvrement forc\u00e9 (saisies sur salaire, saisie de biens mobiliers, etc\u2026). Or, si les frais de justice alourdissent effectivement la dette, les frais d\u2019ex\u00e9cution (= les frais d\u2019huissier) qui peuvent s\u2019accumuler sans limite p\u00e8sent encore plus lourds pour le d\u00e9biteur.<\/li>\n<li>La possibilit\u00e9 donn\u00e9e au consommateur de s\u2019opposer, apr\u00e8s coup, au PV de non contestation devant un juge ne compense en rien l\u2019absence de contr\u00f4le du juge avant l\u2019obtention du titre ex\u00e9cutoire. La pratique montre en effet que le consommateur, surtout lorsqu\u2019il est pr\u00e9caris\u00e9 ou financi\u00e8rement fragilis\u00e9, est totalement d\u00e9muni face \u00e0 la complexit\u00e9 du syst\u00e8me judiciaire et \u00e0 son co\u00fbt. La possibilit\u00e9 d\u2019opposition offerte aux consommateurs restera donc purement th\u00e9orique pour beaucoup d\u2019entre eux.<\/li>\n<li>L\u2019argument selon lequel cette proc\u00e9dure co\u00fbtera au final moins au consommateur que les frais li\u00e9s \u00e0 une citation en justice est \u00e0 relativiser car in\u00e9vitablement l\u2019avocat et l\u2019huissier de justice seront indemnis\u00e9s pour leur intervention et l\u2019huissier, pour la sommation qu\u2019il devra signifier. M\u00eame plafonn\u00e9s par arr\u00eat\u00e9 royal, ces frais seront \u00e9lev\u00e9s et augmenteront d\u2019autant le poids de la dette.<\/li>\n<\/ol>\n<p>Compte tenu de ce qui pr\u00e9c\u00e8de, nous vous demandons avec insistance de vous joindre \u00e0 nous et de vous opposer \u00e0 cette initiative qui risque de porter gravement atteinte aux droits des consommateurs et de pr\u00e9cipiter de nombreuses personnes dans la spirale du surendettement.<\/p>\n<p>D\u2019autant plus qu\u2019il existe d\u2019autres propositions pour lutter efficacement contre le surendettement, propositions qui sont soutenues par nos associations et par de nombreux autres acteurs de terrain (avocats, magistrats, etc).<\/p>\n<p>&nbsp;<\/p>\n<p>Pour plus de d\u00e9tails, consultez notre avis critique:<\/p>\n<p><a href=\"https:\/\/www.fdss.be\/lutte-contre-le-surendettement-contre-lextension-de-la-procedure-en-recouvrement-des-creances-non-contestees-aux-relations-entre-une-entreprise-et-un-consommateur\/ios-b2c-avis-critique\/\" rel=\"attachment wp-att-7375\">IOS-B2C &#8211; Avis critique<\/a><\/p>\n<p>&nbsp;<\/p>\n<p>Avec la participation de nos partenaires :<\/p>\n<p><a href=\"https:\/\/www.mediationdedettes.be\/\">Centre d\u2019Appui-M\u00e9diation de Dettes (CAMD)<\/a>, <a href=\"https:\/\/www.samvzw.be\/\">Steunpunt Mens en Samenleving (SAM)<\/a>, <a href=\"https:\/\/observatoire-credit.be\/fr\">Observatoire du Cr\u00e9dit et de l\u2019Endettement (OCE)<\/a>, <a href=\"https:\/\/www.bapn.be\/fr\">R\u00e9seau Belge de Lutte contre la Pauvret\u00e9 (BAPN)<\/a><\/p>\n<p>&nbsp;<\/p>\n<p>&nbsp;<\/p>\n","protected":false},"excerpt":{"rendered":"<p>En nos qualit\u00e9s d\u2019associations actives dans la lutte contre le surendettement et la pauvret\u00e9, nous sommes tr\u00e8s pr\u00e9occup\u00e9s par divers projets l\u00e9gislatifs qui sont actuellement sur la table et qui sont cens\u00e9s lutter contre le surendettement des particuliers. Ainsi, nous avons appris que le Ministre de la Justice, Monsieur van Quickenborne, avait l\u2019intention d\u2019\u00e9tendre la [&hellip;]<\/p>\n","protected":false},"author":4,"featured_media":7378,"comment_status":"open","ping_status":"open","sticky":false,"template":"","format":"standard","meta":{"_acf_changed":false,"footnotes":""},"categories":[1],"tags":[],"class_list":["post-7367","post","type-post","status-publish","format-standard","has-post-thumbnail","hentry","category-fdss"],"acf":[],"_links":{"self":[{"href":"https:\/\/www.fdss.be\/fr\/wp-json\/wp\/v2\/posts\/7367","targetHints":{"allow":["GET"]}}],"collection":[{"href":"https:\/\/www.fdss.be\/fr\/wp-json\/wp\/v2\/posts"}],"about":[{"href":"https:\/\/www.fdss.be\/fr\/wp-json\/wp\/v2\/types\/post"}],"author":[{"embeddable":true,"href":"https:\/\/www.fdss.be\/fr\/wp-json\/wp\/v2\/users\/4"}],"replies":[{"embeddable":true,"href":"https:\/\/www.fdss.be\/fr\/wp-json\/wp\/v2\/comments?post=7367"}],"version-history":[{"count":4,"href":"https:\/\/www.fdss.be\/fr\/wp-json\/wp\/v2\/posts\/7367\/revisions"}],"predecessor-version":[{"id":7377,"href":"https:\/\/www.fdss.be\/fr\/wp-json\/wp\/v2\/posts\/7367\/revisions\/7377"}],"wp:featuredmedia":[{"embeddable":true,"href":"https:\/\/www.fdss.be\/fr\/wp-json\/wp\/v2\/media\/7378"}],"wp:attachment":[{"href":"https:\/\/www.fdss.be\/fr\/wp-json\/wp\/v2\/media?parent=7367"}],"wp:term":[{"taxonomy":"category","embeddable":true,"href":"https:\/\/www.fdss.be\/fr\/wp-json\/wp\/v2\/categories?post=7367"},{"taxonomy":"post_tag","embeddable":true,"href":"https:\/\/www.fdss.be\/fr\/wp-json\/wp\/v2\/tags?post=7367"}],"curies":[{"name":"wp","href":"https:\/\/api.w.org\/{rel}","templated":true}]}}