{"id":6279,"date":"2021-11-30T11:17:11","date_gmt":"2021-11-30T10:17:11","guid":{"rendered":"https:\/\/0x1wxbcjat.preview.infomaniak.website\/?p=6279"},"modified":"2021-12-06T17:20:10","modified_gmt":"2021-12-06T16:20:10","slug":"interventions-dandrea-rea-et-de-marius-gilbert-covid-19-vaccination-et-inegalites-de-sante","status":"publish","type":"post","link":"https:\/\/www.fdss.be\/fr\/interventions-dandrea-rea-et-de-marius-gilbert-covid-19-vaccination-et-inegalites-de-sante\/","title":{"rendered":"Interventions d\u2019Andrea Rea et de Marius Gilbert : Covid-19, vaccination et in\u00e9galit\u00e9s de sant\u00e9"},"content":{"rendered":"<p><em>Le 21 octobre 2021, la FdSS organisait une s\u00e9ance d\u2019information et de questions\/r\u00e9ponses autour des enjeux li\u00e9s \u00e0 la pand\u00e9mie, \u00e0 la vaccination et aux in\u00e9galit\u00e9s de sant\u00e9 \u00e0 destination des travailleurs sociaux de premi\u00e8re ligne.<\/em><\/p>\n<p>De mani\u00e8re g\u00e9n\u00e9rale, le Covid-19 &#8211; et toutes les questions que ce virus soul\u00e8ve &#8211; ont pris une place importante dans nos vies. Les travailleurs sociaux sont \u00e9galement mobilis\u00e9s par et sur la th\u00e9matique\u00a0: soit parce qu\u2019on leur adresse une s\u00e9rie de questions, soit parce qu\u2019ils sont investis dans des projets sur la th\u00e9matique.<\/p>\n<p><strong>Cette s\u00e9ance d\u2019information et d\u2019\u00e9change avait un double objectif :<\/strong><\/p>\n<ul>\n<li>Avec Andrea Rea, redonner du sens \u00e0 l\u2019action de terrain\u00a0: le Covid-19 n\u2019\u00e9chappe pas aux in\u00e9galit\u00e9s de sant\u00e9. Les populations pr\u00e9caires sont plus expos\u00e9es, plus touch\u00e9es et moins prot\u00e9g\u00e9es. Permettre de penser et situer les missions du travail social dans le contexte de pand\u00e9mie.<\/li>\n<li>Avec Marius Gilbert, r\u00e9pondre \u00e0 l\u2019ensemble des questions que se posent les travailleurs sociaux ou qui leurs sont adress\u00e9es. Donner des informations objectives, tenant compte de la part d\u2019incertitude, pour permettre \u00e0 chacun de mieux naviguer dans le flot d\u2019informations et\/ou de contre-v\u00e9rit\u00e9s qui circulent aujourd\u2019hui.<\/li>\n<\/ul>\n<p><strong>Vous retrouverez le contenu de la matin\u00e9e ici\u00a0:<\/strong><\/p>\n<h4><strong>Intervention d\u2019Andrea Rea<\/strong><br \/>\n\u00ab\u00a0Les pratiques sociales \u00e0 l\u2019\u00e9preuve de la pand\u00e9mie du Covid-19. Enjeux et d\u00e9fi de l\u2019action sociale face aux risques collectifs\u00a0\u00bb<\/h4>\n<p><iframe loading=\"lazy\" title=\"Les pratiques sociales \u00e0 l\u2019\u00e9preuve de la pand\u00e9mie du COVID-19 - Andrea Rea\" width=\"500\" height=\"281\" src=\"https:\/\/www.youtube.com\/embed\/0J-aKnGXxjY?feature=oembed\" frameborder=\"0\" allow=\"accelerometer; autoplay; clipboard-write; encrypted-media; gyroscope; picture-in-picture; web-share\" referrerpolicy=\"strict-origin-when-cross-origin\" allowfullscreen><\/iframe><\/p>\n<p><strong>S\u00e9ance de questions\/<\/strong><strong>r\u00e9ponses sur le Covid-19 et la vaccination avec Marius Gilbert\u00a0<\/strong><\/p>\n<h4>Une 3<sup>\u00e8me<\/sup> dose de vaccin ?<\/h4>\n<p><iframe loading=\"lazy\" title=\"Une 3\u00e8me dose de vaccin ? Marius Gilbert nous r\u00e9pond - 21.10.2021\" width=\"500\" height=\"281\" src=\"https:\/\/www.youtube.com\/embed\/8BGuhwoCQR4?feature=oembed\" frameborder=\"0\" allow=\"accelerometer; autoplay; clipboard-write; encrypted-media; gyroscope; picture-in-picture; web-share\" referrerpolicy=\"strict-origin-when-cross-origin\" allowfullscreen><\/iframe><\/p>\n<h4>Pourquoi se faire vacciner\u00a0?<\/h4>\n<p><iframe loading=\"lazy\" title=\"Pourquoi se faire vacciner ? Marius Gilbert nous r\u00e9pond - 21.10.2021\" width=\"500\" height=\"281\" src=\"https:\/\/www.youtube.com\/embed\/_rtlbdm7C7U?feature=oembed\" frameborder=\"0\" allow=\"accelerometer; autoplay; clipboard-write; encrypted-media; gyroscope; picture-in-picture; web-share\" referrerpolicy=\"strict-origin-when-cross-origin\" allowfullscreen><\/iframe><\/p>\n<h4>Les facteurs qui expliquent le d\u00e9veloppement rapide du vaccin<\/h4>\n<p><iframe loading=\"lazy\" title=\"Quels sont les facteurs qui expliquent le d\u00e9veloppement rapide du vaccin ? Marius Gilbert r\u00e9pond\" width=\"500\" height=\"281\" src=\"https:\/\/www.youtube.com\/embed\/OPhOVuLWoHw?feature=oembed\" frameborder=\"0\" allow=\"accelerometer; autoplay; clipboard-write; encrypted-media; gyroscope; picture-in-picture; web-share\" referrerpolicy=\"strict-origin-when-cross-origin\" allowfullscreen><\/iframe><\/p>\n<h4>Immunit\u00e9 collective et taux de mortalit\u00e9\u00a0?<\/h4>\n<p><iframe loading=\"lazy\" title=\"Immunit\u00e9 collective et taux de mortalit\u00e9 ? Marius Gilbert nous r\u00e9pond - 21.10.2021\" width=\"500\" height=\"281\" src=\"https:\/\/www.youtube.com\/embed\/MOR90HBQ_UA?feature=oembed\" frameborder=\"0\" allow=\"accelerometer; autoplay; clipboard-write; encrypted-media; gyroscope; picture-in-picture; web-share\" referrerpolicy=\"strict-origin-when-cross-origin\" allowfullscreen><\/iframe><\/p>\n<h4>Vaccination et immunit\u00e9 naturelle<\/h4>\n<p><iframe loading=\"lazy\" title=\"Vaccination et immunit\u00e9 naturelle ? Marius Gilbert nous r\u00e9pond - 21.10.21\" width=\"500\" height=\"281\" src=\"https:\/\/www.youtube.com\/embed\/50Ynrgr6Sww?feature=oembed\" frameborder=\"0\" allow=\"accelerometer; autoplay; clipboard-write; encrypted-media; gyroscope; picture-in-picture; web-share\" referrerpolicy=\"strict-origin-when-cross-origin\" allowfullscreen><\/iframe><\/p>\n<h4>Pour quand la fin d\u2019une pand\u00e9mie\u00a0?<\/h4>\n<p><iframe loading=\"lazy\" title=\"Pour quand la fin d&#039;une pand\u00e9mie ? Marius Gilbert r\u00e9pond - 21.10.21\" width=\"500\" height=\"281\" src=\"https:\/\/www.youtube.com\/embed\/9Ixk0CfxACU?feature=oembed\" frameborder=\"0\" allow=\"accelerometer; autoplay; clipboard-write; encrypted-media; gyroscope; picture-in-picture; web-share\" referrerpolicy=\"strict-origin-when-cross-origin\" allowfullscreen><\/iframe><\/p>\n<p>&nbsp;<\/p>\n<p>&nbsp;<\/p>\n<p>&nbsp;<\/p>\n<p>&nbsp;<\/p>\n<p>&nbsp;<\/p>\n<p>&nbsp;<\/p>\n<p>&nbsp;<\/p>\n<p>&nbsp;<\/p>\n<p>&nbsp;<\/p>\n","protected":false},"excerpt":{"rendered":"<p>Le 21 octobre 2021, la FdSS organisait une s\u00e9ance d\u2019information et de questions\/r\u00e9ponses autour des enjeux li\u00e9s \u00e0 la pand\u00e9mie, \u00e0 la vaccination et aux in\u00e9galit\u00e9s de sant\u00e9 \u00e0 destination des travailleurs sociaux de premi\u00e8re ligne. De mani\u00e8re g\u00e9n\u00e9rale, le Covid-19 &#8211; et toutes les questions que ce virus soul\u00e8ve &#8211; ont pris une place [&hellip;]<\/p>\n","protected":false},"author":4,"featured_media":6300,"comment_status":"open","ping_status":"open","sticky":false,"template":"","format":"standard","meta":{"_acf_changed":false,"footnotes":""},"categories":[46],"tags":[],"class_list":["post-6279","post","type-post","status-publish","format-standard","has-post-thumbnail","hentry","category-membres"],"acf":[],"_links":{"self":[{"href":"https:\/\/www.fdss.be\/fr\/wp-json\/wp\/v2\/posts\/6279","targetHints":{"allow":["GET"]}}],"collection":[{"href":"https:\/\/www.fdss.be\/fr\/wp-json\/wp\/v2\/posts"}],"about":[{"href":"https:\/\/www.fdss.be\/fr\/wp-json\/wp\/v2\/types\/post"}],"author":[{"embeddable":true,"href":"https:\/\/www.fdss.be\/fr\/wp-json\/wp\/v2\/users\/4"}],"replies":[{"embeddable":true,"href":"https:\/\/www.fdss.be\/fr\/wp-json\/wp\/v2\/comments?post=6279"}],"version-history":[{"count":9,"href":"https:\/\/www.fdss.be\/fr\/wp-json\/wp\/v2\/posts\/6279\/revisions"}],"predecessor-version":[{"id":6307,"href":"https:\/\/www.fdss.be\/fr\/wp-json\/wp\/v2\/posts\/6279\/revisions\/6307"}],"wp:featuredmedia":[{"embeddable":true,"href":"https:\/\/www.fdss.be\/fr\/wp-json\/wp\/v2\/media\/6300"}],"wp:attachment":[{"href":"https:\/\/www.fdss.be\/fr\/wp-json\/wp\/v2\/media?parent=6279"}],"wp:term":[{"taxonomy":"category","embeddable":true,"href":"https:\/\/www.fdss.be\/fr\/wp-json\/wp\/v2\/categories?post=6279"},{"taxonomy":"post_tag","embeddable":true,"href":"https:\/\/www.fdss.be\/fr\/wp-json\/wp\/v2\/tags?post=6279"}],"curies":[{"name":"wp","href":"https:\/\/api.w.org\/{rel}","templated":true}]}}