{"id":5548,"date":"2021-06-03T16:07:19","date_gmt":"2021-06-03T14:07:19","guid":{"rendered":"https:\/\/0x1wxbcjat.preview.infomaniak.website\/?p=5548"},"modified":"2022-09-15T15:06:06","modified_gmt":"2022-09-15T13:06:06","slug":"le-projet-alcov-et-les-relais-daction-de-quartier-raq","status":"publish","type":"post","link":"https:\/\/www.fdss.be\/fr\/le-projet-alcov-et-les-relais-daction-de-quartier-raq\/","title":{"rendered":"Le projet ALCOV et les Relais d&rsquo;Action de Quartier (RAQ)"},"content":{"rendered":"<p>Dans le cadre de la lutte contre le virus Covid-19, l\u2019objectif du projet ALCOV est de s\u2019assurer \u00e0 Bruxelles d\u2019un relais local vers les secteurs sant\u00e9 et social pour accompagner les personnes affect\u00e9es par le virus (isolement ou quarantaine) et soutenir les populations fragilis\u00e9es.<\/p>\n<p>Cette mission sera exerc\u00e9e par une \u00e9quipe mobile de 18 agents de sant\u00e9 communautaire \u2013 les \u00ab Relais d\u2019Action de Quartier \u00bb (RAQ) \u2013 engag\u00e9s au sein de l&rsquo;asbl F\u00e9d\u00e9ration des Services Sociaux Bicommunautaires.<\/p>\n<p>Cette mission d\u2019accompagnement s\u2019inscrit dans une d\u00e9marche communautaire pour agir sur les conditions sociales et de sant\u00e9 dans lesquelles vivent les populations pr\u00e9caris\u00e9es et qui fragilisent leurs possibilit\u00e9s de lutte contre le virus.<\/p>\n<h2>Objectifs<\/h2>\n<ul>\n<li>Lutter contre le non-recours aux droits fondamentaux en facilitant l\u2019acc\u00e8s aux services d\u2019aide sociale et de soin ;<\/li>\n<li>Informer et sensibiliser les personnes sur des th\u00e9matiques li\u00e9es \u00e0 la crise sanitaire\u00a0;<\/li>\n<li>Tisser un r\u00e9seau local d\u2019acteurs solidaires du quartier (associations et services d\u2019aide sociale, acteurs de la sant\u00e9, de la culture, etc\u2026) ;<\/li>\n<li>Orienter et accompagner les habitants vers les services comp\u00e9tents\u00a0;<\/li>\n<li>D\u00e9velopper et encourager les approches communautaires dans le quartier.<\/li>\n<\/ul>\n<h2>Partenaires<\/h2>\n<p>Ce projet, port\u00e9 par l\u2019ASBL F\u00e9d\u00e9ration des Services Sociaux Bicommunautaires, est une initiative de la COCOM et est soutenu par de nombreux acteurs du social et de la sant\u00e9, notamment : Maison M\u00e9dicale Neptune, CAP Service Social des Quartiers 1030, Maison M\u00e9dicale Le Noyer, CAP Brabantia &#8211; Caritas International, Maison M\u00e9dicale \u00abLe 35\u00bb, CAP La Porte Verte, CAP Les Amis d\u2019Accompagner, De Welvaartkapoen (Het Begin), WGC Medikurgem, Les Pissenlits, CASG Service Social Juif, CAP Brabantia &#8211; Entraide de Saint-Gilles, CASG CSS Bruxelles Sud-Est.<\/p>\n<h2>Presse<\/h2>\n<h3>REPORTAGE<\/h3>\n<p>Les Relais d\u2019Action de Quartier (appel\u00e9s \u2018RAQ\u2019) \u00e9taient pr\u00e9sents vendredi dernier au march\u00e9 de la place Lehon \u00e0 Schaerbeek. Ils \u00e9taient l\u00e0 pour aider les riverains concernant leurs questions autour du Covid-19 et de la vaccination. (bx1, 23 juillet 2021)<\/p>\n<p><a href=\"http:\/\/urlr.me\/yMVBb\">http:\/\/urlr.me\/yMVBb<\/a><\/p>\n<p>&nbsp;<\/p>\n<h3>ARTICLES DE PRESSE<\/h3>\n<p>\u00ab Vaccination \u00e0 Bruxelles : &lsquo;Les gens viennent parfois avec des mythes, nous, on r\u00e9pond avec des faits&rsquo;. \u00bb (Le Soir, 2 septembre 2021)<\/p>\n<p><a href=\"http:\/\/urlr.me\/NG1Wd\">http:\/\/urlr.me\/NG1Wd<\/a><\/p>\n<p>\u00ab Bruxelles: la pr\u00e9carit\u00e9, obstacle majeur \u00e0 la vaccination. \u00bb (Le Soir, 23 ao\u00fbt 2021)<\/p>\n<p><a href=\"http:\/\/urlr.me\/X3Cjc\">http:\/\/urlr.me\/X3Cjc<\/a><\/p>\n<p dir=\"auto\">\u00ab L\u2019objectif des RAQ est donc de servir de courroie de transmission entre les habitants et les services de sant\u00e9 et les services sociaux. Ils sont actuellement au nombre de 18, r\u00e9partis sur 45 quartiers bruxellois. \u00bb (rtbf.be, 16 juillet 2021)<\/p>\n<p dir=\"auto\"><a href=\"http:\/\/urlr.me\/hNg4G\">http:\/\/urlr.me\/hNg4G<\/a><\/p>\n<p>\u00ab Jette : Un bus de vaccination mobile d\u00e8s jeudi \u00e0 Jette: apporter le vaccin dans les quartiers aux taux les plus bas. \u00bb (l\u2019avenir.net, 5 juillet 2021)<\/p>\n<p><a href=\"http:\/\/urlr.me\/LHMsg\">http:\/\/urlr.me\/LHMsg<\/a><\/p>\n<p>&nbsp;<\/p>\n<div class=\"title_code\">Coordonn\u00e9es des RAQ par zone<\/div>\n        <div class=\"content_code\"><\/p>\n<p><a class=\"button\" href=\"https:\/\/www.fdss.be\/wp-content\/uploads\/Reseau-RAQ-Partenaires-Hebergeurs.xlsx\">T\u00e9l\u00e9charger<\/a><\/p>\n<p><\/div>\n<div class=\"title_code\">Coordination<\/div>\n        <div class=\"content_code\"><\/p>\n<p>&nbsp;<\/p>\n<p><strong><a href=\"https:\/\/www.fdss.be\/team-organisation\/hamdi-gargin\/hamdi-square\/\" rel=\"attachment wp-att-5494\"><img loading=\"lazy\" decoding=\"async\" class=\"wp-image-5494 alignleft\" src=\"https:\/\/www.fdss.be\/wp-content\/uploads\/hamdi-square-500x500.jpg\" alt=\"\" width=\"127\" height=\"127\" srcset=\"https:\/\/www.fdss.be\/wp-content\/uploads\/hamdi-square-500x500.jpg 500w, https:\/\/www.fdss.be\/wp-content\/uploads\/hamdi-square-1024x1024.jpg 1024w, https:\/\/www.fdss.be\/wp-content\/uploads\/hamdi-square-150x150.jpg 150w, https:\/\/www.fdss.be\/wp-content\/uploads\/hamdi-square-768x768.jpg 768w, https:\/\/www.fdss.be\/wp-content\/uploads\/hamdi-square-1536x1536.jpg 1536w, https:\/\/www.fdss.be\/wp-content\/uploads\/hamdi-square-2048x2048.jpg 2048w, https:\/\/www.fdss.be\/wp-content\/uploads\/hamdi-square-60x60.jpg 60w, https:\/\/www.fdss.be\/wp-content\/uploads\/hamdi-square-400x400.jpg 400w\" sizes=\"auto, (max-width: 127px) 100vw, 127px\" \/><\/a>Hamdi Gargin<br \/>\n<\/strong><em>Coordinateur\u00a0<\/em><\/p>\n<p><a href=\"&#x6d;&#97;&#105;&#x6c;&#x74;&#111;&#58;&#x68;&#x61;&#109;&#100;&#x69;&#x2e;&#103;&#97;&#x72;&#x67;&#105;&#110;&#x40;&#x66;&#100;&#115;&#x73;&#x2e;&#98;&#101;\">ham&#100;&#105;&#46;&#103;&#x61;&#x72;&#x67;&#x69;&#x6e;&#x40;&#x66;dss&#46;&#98;&#101;<\/a><br \/>\n02 250 09 18<br \/>\n0487 31 96 40<\/p>\n<p><\/div>\n<p>&nbsp;<\/p>\n<p>&nbsp;<\/p>\n","protected":false},"excerpt":{"rendered":"<p>Dans le cadre de la lutte contre le virus Covid-19, l\u2019objectif du projet ALCOV est de s\u2019assurer \u00e0 Bruxelles d\u2019un relais local vers les secteurs sant\u00e9 et social pour accompagner les personnes affect\u00e9es par le virus (isolement ou quarantaine) et soutenir les populations fragilis\u00e9es. Cette mission sera exerc\u00e9e par une \u00e9quipe mobile de 18 agents [&hellip;]<\/p>\n","protected":false},"author":4,"featured_media":5549,"comment_status":"open","ping_status":"open","sticky":false,"template":"","format":"standard","meta":{"_acf_changed":false,"footnotes":""},"categories":[46,1],"tags":[],"class_list":["post-5548","post","type-post","status-publish","format-standard","has-post-thumbnail","hentry","category-membres","category-fdss"],"acf":[],"_links":{"self":[{"href":"https:\/\/www.fdss.be\/fr\/wp-json\/wp\/v2\/posts\/5548","targetHints":{"allow":["GET"]}}],"collection":[{"href":"https:\/\/www.fdss.be\/fr\/wp-json\/wp\/v2\/posts"}],"about":[{"href":"https:\/\/www.fdss.be\/fr\/wp-json\/wp\/v2\/types\/post"}],"author":[{"embeddable":true,"href":"https:\/\/www.fdss.be\/fr\/wp-json\/wp\/v2\/users\/4"}],"replies":[{"embeddable":true,"href":"https:\/\/www.fdss.be\/fr\/wp-json\/wp\/v2\/comments?post=5548"}],"version-history":[{"count":24,"href":"https:\/\/www.fdss.be\/fr\/wp-json\/wp\/v2\/posts\/5548\/revisions"}],"predecessor-version":[{"id":5574,"href":"https:\/\/www.fdss.be\/fr\/wp-json\/wp\/v2\/posts\/5548\/revisions\/5574"}],"wp:featuredmedia":[{"embeddable":true,"href":"https:\/\/www.fdss.be\/fr\/wp-json\/wp\/v2\/media\/5549"}],"wp:attachment":[{"href":"https:\/\/www.fdss.be\/fr\/wp-json\/wp\/v2\/media?parent=5548"}],"wp:term":[{"taxonomy":"category","embeddable":true,"href":"https:\/\/www.fdss.be\/fr\/wp-json\/wp\/v2\/categories?post=5548"},{"taxonomy":"post_tag","embeddable":true,"href":"https:\/\/www.fdss.be\/fr\/wp-json\/wp\/v2\/tags?post=5548"}],"curies":[{"name":"wp","href":"https:\/\/api.w.org\/{rel}","templated":true}]}}