{"id":3883,"date":"2020-04-02T17:48:37","date_gmt":"2020-04-02T15:48:37","guid":{"rendered":"https:\/\/0x1wxbcjat.preview.infomaniak.website\/?p=3883"},"modified":"2020-04-22T11:42:33","modified_gmt":"2020-04-22T09:42:33","slug":"aux-associations-et-relais-de-quartier-solidaires-pour-construire-un-autre-possible","status":"publish","type":"post","link":"https:\/\/www.fdss.be\/fr\/aux-associations-et-relais-de-quartier-solidaires-pour-construire-un-autre-possible\/","title":{"rendered":"Aux associations et relais de quartier : solidaires pour construire un autre possible"},"content":{"rendered":"<p><strong>Cr\u00e9ons des syst\u00e8mes d\u2019attention et d\u2019entraide au niveau de la rue et du quartier.<br \/>\n<\/strong><strong>Au plus pr\u00e8s des gens, de leurs besoins, de leurs difficult\u00e9s et de leurs ressources.<br \/>\nL\u00e0 o\u00f9 la demande ne se fait pas toujours entendre.<br \/>\nL\u00e0 o\u00f9 les services sociaux ne r\u00e9ussissent pas toujours \u00e0 descendre.<br \/>\n<\/strong><\/p>\n<p>Les Actrices et acteurs des temps pr\u00e9sents, Inter-Environnement Bruxelles,\u00a0le Collectif Rendre Visible l&rsquo;invisible, Repairtogether et la F\u00e9d\u00e9ration des Services Sociaux invitent les comit\u00e9s de quartier, les rues en transition, les repair-caf\u00e9s, les \u00e9coles de devoir, les collectifs locaux, etc. \u00e0 encourager, soutenir, se mettre \u00e0 disposition et faire essaimer cette attention et cette solidarit\u00e9 de proximit\u00e9.<\/p>\n<h3>Comment ?<\/h3>\n<p><strong>En rejoignant\/cr\u00e9ant un collectif de relais de quartier solidaire<\/strong>, en le signalant visuellement \u00e0 l&rsquo;aide d&rsquo;une \u00ab\u00a0main\u00a0\u00bb et\/ou en le faisant\u00a0conna\u00eetre sur vos r\u00e9seaux sociaux locaux s&rsquo;ils existent.<\/p>\n<div class=\"crayon article-texte-44431 texte\">\n<h3 class=\"h3 spip\">Les oubli\u00e9s et les d\u00e9bord\u00e9s<\/h3>\n<p>Parmi les nombreux contre-co\u00fbts de la pand\u00e9mie et du confinement, il y a la pr\u00e9carisation financi\u00e8re, sociale et relationnelle qui s\u2019abat sur les quartiers et s\u2019aggrave \u00e0 vitesse vv\u2019 l\u00e0 o\u00f9 elle faisait d\u00e9j\u00e0 des ravages inacceptables. Des femmes, des hommes et des enfants vont descendre encore plus bas en dessous du seuil de pauvret\u00e9. Les dispositifs sociaux existants ne fonctionnent plus ou trop peu, sont immobilis\u00e9s et n\u2019interviennent qu\u2019\u00e0 distance, sont sous-approvisionn\u00e9s, d\u00e9bord\u00e9s, en sous-effectifs, craintifs\u2026 ou tout cela ensemble\u2026<\/p>\n<h3>Etre relais de quartier&#8230;<\/h3>\n<p>Des dispositifs de crise se mettent en place. Notamment, en R\u00e9gion bruxelloise, <strong>le num\u00e9ro vert coordonn\u00e9e par la F\u00e9d\u00e9ration des Services Sociaux\u00a0<\/strong>:<strong> 0800 35 243<\/strong>. Il s\u2019agit de permanences r\u00e9alis\u00e9es par des personnes travailleuses sociales de 8h \u00e0 20h en semaine et de 10h \u00e0 18h le week-end. Cette permanence r\u00e9pond directement aux demandes qui sont dans ses cordes (question administrative, aide alimentaire&#8230;), relaie vers des services existants <strong>ou<\/strong> <strong>met en contact avec un ou une citoyenne du quartier qui aura fait part de sa disponibilit\u00e9 via le r\u00e9seau que nous vous invitons \u00e0 d\u00e9ployer.<\/strong><\/p>\n<p>Ces dispositifs reconnaissent eux-m\u00eames ne pas \u00eatre en mesure de recenser toutes les demandes d\u2019aides et encore moins de pouvoir y r\u00e9pondre. Il faut se rapprocher davantage des personnes en besoin ou en difficult\u00e9, l\u00e0 o\u00f9 elles vivent, dans leur rue, dans leur quartier. Ce qui n\u2019est \u00e9videmment pas facile en contexte de confinement. Mais cela peut se faire \u00e0 partir d\u2019une attention renforc\u00e9e de voisinage en mettant en action une solidarit\u00e9 de proximit\u00e9.<\/p>\n<p id=\"magicdomid251\" class=\"ace-line\"><span class=\"author-a-z87zz67zjz85z4n6jz122ztz82zz82zz88zz70zyq\">Si la FdSS a besoin d&rsquo;un relais local \u00e0 proximit\u00e9 du domicile de la personne, elle peut <strong>contacter un.e citoyen.ne du mouvement ou d&rsquo;une association disponible dans un p\u00e9rim\u00e8tre d\u00e9fini.<\/strong><\/span><\/p>\n<h3 class=\"ace-line\"><span class=\"author-a-z87zz67zjz85z4n6jz122ztz82zz82zz88zz70zyq\">Exemple<\/span><\/h3>\n<p class=\"ace-line\"><span class=\"author-a-z87zz67zjz85z4n6jz122ztz82zz82zz88zz70zyq\">Imaginons que vous soyez disponible autour de la Place Flagey et qu&rsquo;une dame du m\u00eame coin a des difficult\u00e9s pour se d\u00e9placer et doit aller chercher son m\u00e9dicament chez le pharmacien. Elle vous contactera sans doute directement si elle voit votre affichette sur votre fen\u00eatre ou sur la vitre d&rsquo;un commerce\u00a0 ferm\u00e9. Si en revanche, elle contacte le num\u00e9ro vert, elle sera redirig\u00e9e vers vous par les permanent.es de la F\u00e9d\u00e9ration des services sociaux qui r\u00e9pondent au t\u00e9l\u00e9phone et vous pourrez lui amener son m\u00e9dicament, <strong>avec les pr\u00e9cautions d&rsquo;usage<\/strong> (<a href=\"https:\/\/framaforms.org\/sites\/default\/files\/forms\/files\/precautions_relais.pdf\">voir ce document)<\/a>!!<\/span><\/p>\n<h2 id=\"magicdomid10\" class=\"ace-line\"><span class=\"author-a-z87zz67zjz85z4n6jz122ztz82zz82zz88zz70zyq b\"><strong>Que faire concr\u00e8tement si vous souhaitez \u00eatre ce relais dans votre quartier?<\/strong><\/span><\/h2>\n<div id=\"magicdomid517\" class=\"ace-line\">\n<p class=\"ace-line\"><span class=\"author-a-z87zz67zjz85z4n6jz122ztz82zz82zz88zz70zyq\"><strong>1. Diffusez le num\u00e9ro vert<\/strong> via le visuel \u00ab\u00a0main formant un t\u00e9l\u00e9phone\u00a0\u00bb dans votre quartier (<a href=\"https:\/\/www.fdss.be\/aide-sociale-durgence-pendant-le-confinement-bruxelles\/\">on vous explique comment ici<\/a>). <\/span><\/p>\n<p class=\"ace-line\"><span class=\"author-a-z87zz67zjz85z4n6jz122ztz82zz82zz88zz70zyq\"><strong>2. Indiquez via votre visuel de quartier\u00a0 \u00ab\u00a0main\u00a0\u00bb<\/strong> (<a href=\"https:\/\/www.fdss.be\/wp-content\/uploads\/contact_quartier.pdf\">explication dans le document ci-dessous<\/a>) sur votre fen\u00eatre, votre porte, la vitrine d&rsquo;un commerce&#8230; que vous \u00eates relais de quartier avec votre contact (t\u00e9l\u00e9phone, mail&#8230;).<\/span><\/p>\n<p id=\"magicdomid87\" class=\"ace-line\"><span class=\"author-a-z87zz67zjz85z4n6jz122ztz82zz82zz88zz70zyq\"><strong>3. Dans le formulaire <a href=\"https:\/\/framaforms.org\/relais-de-quartier-1585571737?fbclid=IwAR0ZN0KlPcpAJ9Ib455MPFn72OUZ_ObIYcGitCeIEM3gENwYf5DgFyjnhYk\">(sur cette page tout en bas)<\/a><\/strong>,\u00a0 vous pouvez indiquer votre nom, votre adresse*, les rues jusqu&rsquo;o\u00f9 vous \u00eates pr\u00eat.es \u00e0 vous d\u00e9placer (<\/span><span class=\"author-a-z87zz67zjz85z4n6jz122ztz82zz82zz88zz70zyq\">n&rsquo;h\u00e9sitez pas \u00e0 pr\u00e9ciser, quel c\u00f4t\u00e9 de la rue, haut-bas&#8230; et \u00e0 r\u00e9duire votre p\u00e9rim\u00e8tre pour rendre les interventions efficaces), le type d&rsquo;aide(s) propos\u00e9(e)s et un moyen de contact (tel, email&#8230;).<\/span><\/p>\n<p id=\"magicdomid107\" class=\"ace-line\"><span class=\"author-a-z87zz67zjz85z4n6jz122ztz82zz82zz88zz70zyq\">* Ceci uniquement pour faciliter le rep\u00e9rage. Cette donn\u00e9e, comme les autres, seront \u00e9videmment soumises au secret professionnel.<\/span><\/p>\n<\/div>\n<p id=\"magicdomid13\" class=\"ace-line\"><span class=\"author-a-z87zz67zjz85z4n6jz122ztz82zz82zz88zz70zyq\">Cette liste sera alors uniquement envoy\u00e9e \u00e0 la F\u00e9d\u00e9ration des Services Sociaux et ne sera utilis\u00e9e que dans ce cadre.<\/span><\/p>\n<p id=\"magicdomid15\" class=\"ace-line\"><span class=\"author-a-z87zz67zjz85z4n6jz122ztz82zz82zz88zz70zyq\">Si vous ne souhaitez plus participer \u00e0 cette d\u00e9marche ou que vous avez des questions, vous pouvez contacter les Actrices et Acteurs des temps pr\u00e9sents, partenaire de cette d\u00e9marche via : <a class=\"messages\" href=\"&#x6d;&#x61;&#105;l&#x74;&#x6f;&#58;&#99;o&#x6e;&#x66;&#105;&#110;e&#x73;&#x73;&#101;&#64;a&#x61;&#x64;&#116;p&#x2e;&#x62;&#101;\">conf&#105;&#110;&#101;&#115;&#115;&#x65;&#x40;&#x61;&#x61;&#x64;&#x74;&#x70;&#46;be\u00a0<\/a><\/span><\/p>\n<h3 class=\"h3 spip\">Pas de confinement pour la solidarit\u00e9<\/h3>\n<p>S\u2019il est fondamental et prioritaire de soutenir les plus fragiles d\u2019entre nous, ces pratiques de voisinage \u2013 somme toute assez \u00e9l\u00e9mentaires \u2013 enrichiront les relations, la confiance et la vie de quartier, l\u2019esprit de solidarit\u00e9\u2026 Elles seront bien n\u00e9cessaires pour affronter l\u2019avenir qui nous attend, dont le Corona virus et le confinement ne sont que sympt\u00f4mes parmi d\u2019autres.<\/p>\n<p>\u00ab<small class=\"fine\">\u00a0<\/small><i>Les rues et les quartiers sont, en soi, les contre-dispositifs les plus propices \u00e0 une r\u00e9paration locale d\u2019une d\u00e9cision politique centrale.<\/i><small class=\"fine\">\u00a0<\/small>\u00bb<br \/>\n&#8211;\u00a0Pays dans un pays. Un manifeste.<\/p>\n<p><a class=\"spip_out\" href=\"http:\/\/www.acteursdestempspresents.be\/\" rel=\"external\">Les Actrices et Acteurs des temps pr\u00e9sents<\/a>, <a class=\"spip_out\" href=\"https:\/\/www.fdss.be\/\" rel=\"external\">la F\u00e9d\u00e9ration des Services Sociaux<\/a>\u00a0,\u00a0<a href=\"https:\/\/www.ieb.be\/Solidaires-pour-construire-un-autre-possible?fbclid=IwAR1c5AkLSlPOZobX6Se_Tq7LXpZPoX1ALaonnVRtx7stW2X8CksxkN44fY4\">Inter-Environnement Bruxelles,\u00a0<\/a>\u00a0<a href=\"https:\/\/www.repairtogether.be\">Repair Together<\/a>, <a href=\"https:\/\/1710.be\">Rendre Visible l&rsquo;Invisible<\/a><\/p>\n<\/div>\n<p>\u25aa Contacts : <a href=\"https:\/\/www.ieb.be\/_Inter-Environnement-Bruxelles_\">Inter-Environnement Bruxelles<\/a> , <a href=\"https:\/\/www.ieb.be\/_Actrices-et-Acteurs-des-Temps-presents-Bruxelles-3263_\">Actrices et Acteurs des Temps pr\u00e9sents &#8211; Bruxelles<\/a> , <a href=\"https:\/\/www.ieb.be\/_Federation-des-Services-Sociaux_\">F\u00e9d\u00e9ration des Services Sociaux<\/a><\/p>\n","protected":false},"excerpt":{"rendered":"<p>Cr\u00e9ons des syst\u00e8mes d\u2019attention et d\u2019entraide au niveau de la rue et du quartier. Au plus pr\u00e8s des gens, de leurs besoins, de leurs difficult\u00e9s et de leurs ressources. L\u00e0 o\u00f9 la demande ne se fait pas toujours entendre. L\u00e0 o\u00f9 les services sociaux ne r\u00e9ussissent pas toujours \u00e0 descendre. Les Actrices et acteurs des [&hellip;]<\/p>\n","protected":false},"author":4,"featured_media":6666,"comment_status":"open","ping_status":"open","sticky":false,"template":"","format":"standard","meta":{"_acf_changed":false,"footnotes":""},"categories":[1],"tags":[],"class_list":["post-3883","post","type-post","status-publish","format-standard","has-post-thumbnail","hentry","category-fdss"],"acf":[],"_links":{"self":[{"href":"https:\/\/www.fdss.be\/fr\/wp-json\/wp\/v2\/posts\/3883","targetHints":{"allow":["GET"]}}],"collection":[{"href":"https:\/\/www.fdss.be\/fr\/wp-json\/wp\/v2\/posts"}],"about":[{"href":"https:\/\/www.fdss.be\/fr\/wp-json\/wp\/v2\/types\/post"}],"author":[{"embeddable":true,"href":"https:\/\/www.fdss.be\/fr\/wp-json\/wp\/v2\/users\/4"}],"replies":[{"embeddable":true,"href":"https:\/\/www.fdss.be\/fr\/wp-json\/wp\/v2\/comments?post=3883"}],"version-history":[{"count":8,"href":"https:\/\/www.fdss.be\/fr\/wp-json\/wp\/v2\/posts\/3883\/revisions"}],"predecessor-version":[{"id":4034,"href":"https:\/\/www.fdss.be\/fr\/wp-json\/wp\/v2\/posts\/3883\/revisions\/4034"}],"wp:featuredmedia":[{"embeddable":true,"href":"https:\/\/www.fdss.be\/fr\/wp-json\/wp\/v2\/media\/6666"}],"wp:attachment":[{"href":"https:\/\/www.fdss.be\/fr\/wp-json\/wp\/v2\/media?parent=3883"}],"wp:term":[{"taxonomy":"category","embeddable":true,"href":"https:\/\/www.fdss.be\/fr\/wp-json\/wp\/v2\/categories?post=3883"},{"taxonomy":"post_tag","embeddable":true,"href":"https:\/\/www.fdss.be\/fr\/wp-json\/wp\/v2\/tags?post=3883"}],"curies":[{"name":"wp","href":"https:\/\/api.w.org\/{rel}","templated":true}]}}