{"id":3582,"date":"2020-03-14T11:07:49","date_gmt":"2020-03-14T10:07:49","guid":{"rendered":"https:\/\/0x1wxbcjat.preview.infomaniak.website\/?p=3582"},"modified":"2020-03-18T16:39:05","modified_gmt":"2020-03-18T15:39:05","slug":"covid-19-les-enjeux-sociaux-de-la-crise-sanitaire","status":"publish","type":"post","link":"https:\/\/www.fdss.be\/fr\/covid-19-les-enjeux-sociaux-de-la-crise-sanitaire\/","title":{"rendered":"Covid-19 &#8211; Les enjeux sociaux de la crise sanitaire"},"content":{"rendered":"<p>\u00c0 l\u2019heure o\u00f9 le Conseil national de s\u00e9curit\u00e9 communique les consignes visant \u00e0 limiter la propagation du covid-19, la FdSS et ses membres se posent la question de <strong>l\u2019impact qu\u2019auront ces mesures sur les services sociaux de premi\u00e8re ligne et les personnes pr\u00e9caires.<\/strong><\/p>\n<p>Si l\u2019impact social de ces mesures est encore difficile \u00e0 \u00e9valuer, et sans remettre en cause leur pertinence, on peut raisonnablement supposer qu\u2019elles risquent<span class=\"text_exposed_show\"> de mettre les services sociaux et leurs b\u00e9n\u00e9ficiaires dans des difficult\u00e9s. Pour continuer \u00e0 garantir l\u2019acc\u00e8s aux services, aux aides mat\u00e9rielles, alimentaires et sociales qu\u2019ils assurent au quotidien, les services sociaux vont en effet devoir faire preuve d\u2019inventivit\u00e9. Les \u00e9quipes s\u2019organisent d\u2019ores et d\u00e9j\u00e0 en ce sens mais certaines limites se poseront probablement.<\/span><\/p>\n<div class=\"text_exposed_show\">\n<p>Plus largement, les personnes en situation de pr\u00e9carit\u00e9 risquent d\u2019\u00eatre moins \u00e9quip\u00e9es pour faire face aux cons\u00e9quences de certaines mesures. Soulignons notamment la question de la garde d\u2019enfants li\u00e9e \u00e0 la suspension des cours ; l\u2019acc\u00e8s limit\u00e9 aux soins et aux consultations ; les conditions d\u2019emploi pr\u00e9caires offrant moins de protection dans les secteurs vis\u00e9s par des mesures de fermeture.<\/p>\n<p>Dans les prises de position actuelles et dans la communication que r\u00e9servent les m\u00e9dias au covid-19, nous soulignons que les enjeux sociaux que pose cette crise sanitaire n\u00e9cessitent d\u2019\u00eatre pris en compte au m\u00eame titre que les impacts \u00e9conomiques.<\/p>\n<\/div>\n","protected":false},"excerpt":{"rendered":"<p>\u00c0 l\u2019heure o\u00f9 le Conseil national de s\u00e9curit\u00e9 communique les consignes visant \u00e0 limiter la propagation du covid-19, la FdSS et ses membres se posent la question de l\u2019impact qu\u2019auront ces mesures sur les services sociaux de premi\u00e8re ligne et les personnes pr\u00e9caires. Si l\u2019impact social de ces mesures est encore difficile \u00e0 \u00e9valuer, et [&hellip;]<\/p>\n","protected":false},"author":4,"featured_media":6664,"comment_status":"open","ping_status":"open","sticky":false,"template":"","format":"standard","meta":{"_acf_changed":false,"footnotes":""},"categories":[1],"tags":[],"class_list":["post-3582","post","type-post","status-publish","format-standard","has-post-thumbnail","hentry","category-fdss"],"acf":[],"_links":{"self":[{"href":"https:\/\/www.fdss.be\/fr\/wp-json\/wp\/v2\/posts\/3582","targetHints":{"allow":["GET"]}}],"collection":[{"href":"https:\/\/www.fdss.be\/fr\/wp-json\/wp\/v2\/posts"}],"about":[{"href":"https:\/\/www.fdss.be\/fr\/wp-json\/wp\/v2\/types\/post"}],"author":[{"embeddable":true,"href":"https:\/\/www.fdss.be\/fr\/wp-json\/wp\/v2\/users\/4"}],"replies":[{"embeddable":true,"href":"https:\/\/www.fdss.be\/fr\/wp-json\/wp\/v2\/comments?post=3582"}],"version-history":[{"count":3,"href":"https:\/\/www.fdss.be\/fr\/wp-json\/wp\/v2\/posts\/3582\/revisions"}],"predecessor-version":[{"id":3638,"href":"https:\/\/www.fdss.be\/fr\/wp-json\/wp\/v2\/posts\/3582\/revisions\/3638"}],"wp:featuredmedia":[{"embeddable":true,"href":"https:\/\/www.fdss.be\/fr\/wp-json\/wp\/v2\/media\/6664"}],"wp:attachment":[{"href":"https:\/\/www.fdss.be\/fr\/wp-json\/wp\/v2\/media?parent=3582"}],"wp:term":[{"taxonomy":"category","embeddable":true,"href":"https:\/\/www.fdss.be\/fr\/wp-json\/wp\/v2\/categories?post=3582"},{"taxonomy":"post_tag","embeddable":true,"href":"https:\/\/www.fdss.be\/fr\/wp-json\/wp\/v2\/tags?post=3582"}],"curies":[{"name":"wp","href":"https:\/\/api.w.org\/{rel}","templated":true}]}}