{"id":14426,"date":"2026-01-21T12:36:51","date_gmt":"2026-01-21T11:36:51","guid":{"rendered":"https:\/\/www.fdss.be\/?p=14426"},"modified":"2026-01-21T12:39:42","modified_gmt":"2026-01-21T11:39:42","slug":"revue-dactualites-decembre-2025","status":"publish","type":"post","link":"https:\/\/www.fdss.be\/fr\/revue-dactualites-decembre-2025\/","title":{"rendered":"Revue d\u2019actualit\u00e9s | D\u00e9cembre 2025"},"content":{"rendered":"<div>\n<p class=\"x_MsoNormal\"><strong>\u2013 Secteur \u2013<\/strong><\/p>\n<\/div>\n<div>\n<ul type=\"disc\">\n<li class=\"x_MsoNormal\" data-ogsc=\"black\"><b data-ogsc=\"\"><span data-ogsc=\"\"><a title=\"URL d'origine: https:\/\/www.lesoir.be\/714341\/article\/2025-12-02\/ensemble-nous-sifflons-la-fin-de-la-recreation-politique. Cliquez ou appuyez si vous faites confiance \u00e0 ce lien.\" href=\"https:\/\/eur05.safelinks.protection.outlook.com\/?url=https%3A%2F%2Fwww.lesoir.be%2F714341%2Farticle%2F2025-12-02%2Fensemble-nous-sifflons-la-fin-de-la-recreation-politique&amp;data=05%7C02%7Cjonas.guyaux%40fdss.be%7C9f58fb41128e46f44fed08de4e93252f%7C703d0464870c4eb28f297eddb2d14cbc%7C0%7C0%7C639034591168983120%7CUnknown%7CTWFpbGZsb3d8eyJFbXB0eU1hcGkiOnRydWUsIlYiOiIwLjAuMDAwMCIsIlAiOiJXaW4zMiIsIkFOIjoiTWFpbCIsIldUIjoyfQ%3D%3D%7C0%7C%7C%7C&amp;sdata=iab%2F5205W1Fd64lJJ7N70bCnodtQbr%2B5opWQmTZbVE4%3D&amp;reserved=0\" target=\"_blank\" rel=\"noopener noreferrer\" data-auth=\"NotApplicable\" data-linkindex=\"9\" data-ogsc=\"\">\u00ab Ensemble, nous sifflons la fin de la r\u00e9cr\u00e9ation politique \u00bb<\/a><\/span><\/b><span data-ogsc=\"\"><a title=\"URL d'origine: https:\/\/www.lesoir.be\/714341\/article\/2025-12-02\/ensemble-nous-sifflons-la-fin-de-la-recreation-politique. Cliquez ou appuyez si vous faites confiance \u00e0 ce lien.\" href=\"https:\/\/eur05.safelinks.protection.outlook.com\/?url=https%3A%2F%2Fwww.lesoir.be%2F714341%2Farticle%2F2025-12-02%2Fensemble-nous-sifflons-la-fin-de-la-recreation-politique&amp;data=05%7C02%7Cjonas.guyaux%40fdss.be%7C9f58fb41128e46f44fed08de4e93252f%7C703d0464870c4eb28f297eddb2d14cbc%7C0%7C0%7C639034591169000330%7CUnknown%7CTWFpbGZsb3d8eyJFbXB0eU1hcGkiOnRydWUsIlYiOiIwLjAuMDAwMCIsIlAiOiJXaW4zMiIsIkFOIjoiTWFpbCIsIldUIjoyfQ%3D%3D%7C0%7C%7C%7C&amp;sdata=ZEwf5i8g%2FER6E6FstMIC49c%2F%2FDAFJ86tuWjSnmLfW14%3D&amp;reserved=0\" target=\"_blank\" rel=\"noopener noreferrer\" data-auth=\"NotApplicable\" data-linkindex=\"10\" data-ogsc=\"\">\u00a0<\/a>(Le Soir) : <i data-ogsc=\"\">541 jours sans gouvernement bruxellois, un triste record.<\/i><\/span><\/li>\n<\/ul>\n<\/div>\n<div><\/div>\n<div>\n<ul type=\"disc\">\n<li class=\"x_MsoNormal\" data-ogsc=\"black\"><b data-ogsc=\"\"><span data-ogsc=\"\"><a title=\"URL d'origine: https:\/\/www.youtube.com\/watch?v=AV3s-8zHqug. Cliquez ou appuyez si vous faites confiance \u00e0 ce lien.\" href=\"https:\/\/eur05.safelinks.protection.outlook.com\/?url=https%3A%2F%2Fwww.youtube.com%2Fwatch%3Fv%3DAV3s-8zHqug&amp;data=05%7C02%7Cjonas.guyaux%40fdss.be%7C9f58fb41128e46f44fed08de4e93252f%7C703d0464870c4eb28f297eddb2d14cbc%7C0%7C0%7C639034591169019953%7CUnknown%7CTWFpbGZsb3d8eyJFbXB0eU1hcGkiOnRydWUsIlYiOiIwLjAuMDAwMCIsIlAiOiJXaW4zMiIsIkFOIjoiTWFpbCIsIldUIjoyfQ%3D%3D%7C0%7C%7C%7C&amp;sdata=NIo54AveClrmNEZnMkjqdEYMtmSpHKtyiCl%2B9ZeKIwU%3D&amp;reserved=0\" target=\"_blank\" rel=\"noopener noreferrer\" data-auth=\"NotApplicable\" data-linkindex=\"11\" data-ogsc=\"\">Recensement : \u00c0 Bruxelles, la liquidation sociale a d\u00e9marr\u00e9<\/a><\/span><\/b><span data-ogsc=\"\"><a title=\"URL d'origine: https:\/\/www.youtube.com\/watch?v=AV3s-8zHqug. Cliquez ou appuyez si vous faites confiance \u00e0 ce lien.\" href=\"https:\/\/eur05.safelinks.protection.outlook.com\/?url=https%3A%2F%2Fwww.youtube.com%2Fwatch%3Fv%3DAV3s-8zHqug&amp;data=05%7C02%7Cjonas.guyaux%40fdss.be%7C9f58fb41128e46f44fed08de4e93252f%7C703d0464870c4eb28f297eddb2d14cbc%7C0%7C0%7C639034591169043434%7CUnknown%7CTWFpbGZsb3d8eyJFbXB0eU1hcGkiOnRydWUsIlYiOiIwLjAuMDAwMCIsIlAiOiJXaW4zMiIsIkFOIjoiTWFpbCIsIldUIjoyfQ%3D%3D%7C0%7C%7C%7C&amp;sdata=yDNGcfZ4h0RjhPyqohb0kaJiYrV5bYv%2BaSITff8B4X8%3D&amp;reserved=0\" target=\"_blank\" rel=\"noopener noreferrer\" data-auth=\"NotApplicable\" data-linkindex=\"12\" data-ogsc=\"\">\u00a0<\/a>(Interview de Justine Vleminckx par la com)<\/span><\/li>\n<\/ul>\n<\/div>\n<div>\n<ul type=\"disc\">\n<li class=\"x_MsoNormal\" data-ogsc=\"black\"><b data-ogsc=\"\"><span data-ogsc=\"\"><a title=\"URL d'origine: https:\/\/www.lesoir.be\/714232\/article\/2025-12-01\/simplifier-oui-fragiliser-les-entreprises-qui-permettent-la-remise-lemploi-non. Cliquez ou appuyez si vous faites confiance \u00e0 ce lien.\" href=\"https:\/\/eur05.safelinks.protection.outlook.com\/?url=https%3A%2F%2Fwww.lesoir.be%2F714232%2Farticle%2F2025-12-01%2Fsimplifier-oui-fragiliser-les-entreprises-qui-permettent-la-remise-lemploi-non&amp;data=05%7C02%7Cjonas.guyaux%40fdss.be%7C9f58fb41128e46f44fed08de4e93252f%7C703d0464870c4eb28f297eddb2d14cbc%7C0%7C0%7C639034591169064264%7CUnknown%7CTWFpbGZsb3d8eyJFbXB0eU1hcGkiOnRydWUsIlYiOiIwLjAuMDAwMCIsIlAiOiJXaW4zMiIsIkFOIjoiTWFpbCIsIldUIjoyfQ%3D%3D%7C0%7C%7C%7C&amp;sdata=pSFNlAGCpvUZNunpJslMpzrex53PibRbG962kgHeCcE%3D&amp;reserved=0\" target=\"_blank\" rel=\"noopener noreferrer\" data-auth=\"NotApplicable\" data-linkindex=\"13\" data-ogsc=\"\">Simplifier, oui. Fragiliser les entreprises qui permettent la remise \u00e0 l\u2019emploi\u2026 non !<\/a><\/span><\/b><span data-ogsc=\"\"><a title=\"URL d'origine: https:\/\/www.lesoir.be\/714232\/article\/2025-12-01\/simplifier-oui-fragiliser-les-entreprises-qui-permettent-la-remise-lemploi-non. Cliquez ou appuyez si vous faites confiance \u00e0 ce lien.\" href=\"https:\/\/eur05.safelinks.protection.outlook.com\/?url=https%3A%2F%2Fwww.lesoir.be%2F714232%2Farticle%2F2025-12-01%2Fsimplifier-oui-fragiliser-les-entreprises-qui-permettent-la-remise-lemploi-non&amp;data=05%7C02%7Cjonas.guyaux%40fdss.be%7C9f58fb41128e46f44fed08de4e93252f%7C703d0464870c4eb28f297eddb2d14cbc%7C0%7C0%7C639034591169082801%7CUnknown%7CTWFpbGZsb3d8eyJFbXB0eU1hcGkiOnRydWUsIlYiOiIwLjAuMDAwMCIsIlAiOiJXaW4zMiIsIkFOIjoiTWFpbCIsIldUIjoyfQ%3D%3D%7C0%7C%7C%7C&amp;sdata=BV%2BWHke4MI4hLDu%2BKAaKj0F%2Bczwf%2FaNmvjPOewohW2w%3D&amp;reserved=0\" target=\"_blank\" rel=\"noopener noreferrer\" data-auth=\"NotApplicable\" data-linkindex=\"14\" data-ogsc=\"\">\u00a0<\/a>(Le Soir) : <i data-ogsc=\"\">\u00ab\u00a0Jamais l\u2019objectif de relever le taux d\u2019emploi n\u2019a \u00e9t\u00e9 aussi central. Le gouvernement f\u00e9d\u00e9ral en a fait une priorit\u00e9 en fixant la barre \u00e0 80\u00a0%. Pourtant, au niveau r\u00e9gional, la r\u00e9forme envisag\u00e9e conduirait\u2026 \u00e0 affaiblir ceux qui, justement, contribuent \u00e0 cet objectif.\u00a0\u00bb<\/i><\/span><\/li>\n<\/ul>\n<\/div>\n<div><\/div>\n<div>\n<ul type=\"disc\">\n<li class=\"x_MsoNormal\" data-ogsc=\"black\"><b data-ogsc=\"\"><span data-ogsc=\"\"><a title=\"URL d'origine: https:\/\/www.lesoir.be\/717705\/article\/2025-12-18\/urgence-solidaire. Cliquez ou appuyez si vous faites confiance \u00e0 ce lien.\" href=\"https:\/\/eur05.safelinks.protection.outlook.com\/?url=https%3A%2F%2Fwww.lesoir.be%2F717705%2Farticle%2F2025-12-18%2Furgence-solidaire&amp;data=05%7C02%7Cjonas.guyaux%40fdss.be%7C9f58fb41128e46f44fed08de4e93252f%7C703d0464870c4eb28f297eddb2d14cbc%7C0%7C0%7C639034591169100616%7CUnknown%7CTWFpbGZsb3d8eyJFbXB0eU1hcGkiOnRydWUsIlYiOiIwLjAuMDAwMCIsIlAiOiJXaW4zMiIsIkFOIjoiTWFpbCIsIldUIjoyfQ%3D%3D%7C0%7C%7C%7C&amp;sdata=8FWni%2FbhMzsHv%2Fj0EtPB8cxQNnYg%2BoIvxxEtAcf4ZZM%3D&amp;reserved=0\" target=\"_blank\" rel=\"noopener noreferrer\" data-auth=\"NotApplicable\" data-linkindex=\"15\" data-ogsc=\"\">Carte blanche : Urgence solidaire<\/a><\/span><\/b><span data-ogsc=\"\"><a title=\"URL d'origine: https:\/\/www.lesoir.be\/717705\/article\/2025-12-18\/urgence-solidaire. Cliquez ou appuyez si vous faites confiance \u00e0 ce lien.\" href=\"https:\/\/eur05.safelinks.protection.outlook.com\/?url=https%3A%2F%2Fwww.lesoir.be%2F717705%2Farticle%2F2025-12-18%2Furgence-solidaire&amp;data=05%7C02%7Cjonas.guyaux%40fdss.be%7C9f58fb41128e46f44fed08de4e93252f%7C703d0464870c4eb28f297eddb2d14cbc%7C0%7C0%7C639034591169120445%7CUnknown%7CTWFpbGZsb3d8eyJFbXB0eU1hcGkiOnRydWUsIlYiOiIwLjAuMDAwMCIsIlAiOiJXaW4zMiIsIkFOIjoiTWFpbCIsIldUIjoyfQ%3D%3D%7C0%7C%7C%7C&amp;sdata=olkVEzvO8JGJFTT7uVGuxQyxWVQ4wBysYAQche8L1P4%3D&amp;reserved=0\" target=\"_blank\" rel=\"noopener noreferrer\" data-auth=\"NotApplicable\" data-linkindex=\"16\" data-ogsc=\"\">\u00a0(Le Soir) :<\/a> <i data-ogsc=\"\">\u00ab\u00a0R\u00e9forme du ch\u00f4mage, politique d\u2019accueil stricte, rationalisations budg\u00e9taires\u00a0: ces formules d\u2019apparence neutre garantissent un sc\u00e9nario exp\u00e9ditif et ravageur pour les solidarit\u00e9s\u00a0\u00bb<\/i><\/span><\/li>\n<\/ul>\n<\/div>\n<div>\n<p class=\"x_MsoNormal\"><strong>\u2013 Familles Monoparentales \u2013<\/strong><\/p>\n<\/div>\n<div>\n<ul type=\"disc\">\n<li class=\"x_MsoNormal\" data-ogsc=\"black\"><b data-ogsc=\"\"><span data-ogsc=\"\"><a title=\"URL d'origine: https:\/\/auvio.rtbf.be\/media\/ma-vie-de-parent-solo-le-combat-des-meres-3413746. Cliquez ou appuyez si vous faites confiance \u00e0 ce lien.\" href=\"https:\/\/eur05.safelinks.protection.outlook.com\/?url=https%3A%2F%2Fauvio.rtbf.be%2Fmedia%2Fma-vie-de-parent-solo-le-combat-des-meres-3413746&amp;data=05%7C02%7Cjonas.guyaux%40fdss.be%7C9f58fb41128e46f44fed08de4e93252f%7C703d0464870c4eb28f297eddb2d14cbc%7C0%7C0%7C639034591169139052%7CUnknown%7CTWFpbGZsb3d8eyJFbXB0eU1hcGkiOnRydWUsIlYiOiIwLjAuMDAwMCIsIlAiOiJXaW4zMiIsIkFOIjoiTWFpbCIsIldUIjoyfQ%3D%3D%7C0%7C%7C%7C&amp;sdata=z7WvjP1jKaFrB8GRkCrXdVCuhxUr8v47%2B84SHYvnUBY%3D&amp;reserved=0\" target=\"_blank\" rel=\"noopener noreferrer\" data-auth=\"NotApplicable\" data-linkindex=\"17\" data-ogsc=\"\">Ma vie de parent solo \u2013 Le combat des m\u00e8res<\/a><\/span><\/b><span data-ogsc=\"\"><a title=\"URL d'origine: https:\/\/auvio.rtbf.be\/media\/ma-vie-de-parent-solo-le-combat-des-meres-3413746. Cliquez ou appuyez si vous faites confiance \u00e0 ce lien.\" href=\"https:\/\/eur05.safelinks.protection.outlook.com\/?url=https%3A%2F%2Fauvio.rtbf.be%2Fmedia%2Fma-vie-de-parent-solo-le-combat-des-meres-3413746&amp;data=05%7C02%7Cjonas.guyaux%40fdss.be%7C9f58fb41128e46f44fed08de4e93252f%7C703d0464870c4eb28f297eddb2d14cbc%7C0%7C0%7C639034591169162462%7CUnknown%7CTWFpbGZsb3d8eyJFbXB0eU1hcGkiOnRydWUsIlYiOiIwLjAuMDAwMCIsIlAiOiJXaW4zMiIsIkFOIjoiTWFpbCIsIldUIjoyfQ%3D%3D%7C0%7C%7C%7C&amp;sdata=X7aifCuytgjXYt5InqAyZ0zjAb9vVrlaSpk809ym5GM%3D&amp;reserved=0\" target=\"_blank\" rel=\"noopener noreferrer\" data-auth=\"NotApplicable\" data-linkindex=\"18\" data-ogsc=\"\">\u00a0<\/a>(RTBF Auvio \u2013 Documentaire) : <i data-ogsc=\"\">\u00c0 Bruxelles, une famille sur trois est une famille monoparentale. En Wallonie, une sur quatre. Et dans 87 % des cas, ce sont des femmes qui \u00e9l\u00e8vent seules leurs enfants. Ambre, Cynthia, Amina et Fatima racontent, sans fard, leur combat au quotidien, leurs fins de mois difficiles, leur \u00e9puisement, leur isolement&#8230; Ce film documentaire intimiste met en lumi\u00e8re la vie pr\u00e9caire des m\u00e8res solos, qui auraient bien besoin, comme tous les parents solos, de mesures d&rsquo;aides publiques structurelles.<\/i><\/span><\/li>\n<\/ul>\n<\/div>\n<div>\n<p class=\"x_MsoNormal\"><strong>\u2013 \u00c9nergie &amp; logement \u2013<\/strong><\/p>\n<\/div>\n<div>\n<ul type=\"disc\">\n<li class=\"x_MsoNormal\" data-ogsc=\"black\"><b data-ogsc=\"\"><span data-ogsc=\"\"><a title=\"URL d'origine: https:\/\/www.facebook.com\/reel\/1418034632997222. Cliquez ou appuyez si vous faites confiance \u00e0 ce lien.\" href=\"https:\/\/eur05.safelinks.protection.outlook.com\/?url=https%3A%2F%2Fwww.facebook.com%2Freel%2F1418034632997222&amp;data=05%7C02%7Cjonas.guyaux%40fdss.be%7C9f58fb41128e46f44fed08de4e93252f%7C703d0464870c4eb28f297eddb2d14cbc%7C0%7C0%7C639034591169186203%7CUnknown%7CTWFpbGZsb3d8eyJFbXB0eU1hcGkiOnRydWUsIlYiOiIwLjAuMDAwMCIsIlAiOiJXaW4zMiIsIkFOIjoiTWFpbCIsIldUIjoyfQ%3D%3D%7C0%7C%7C%7C&amp;sdata=k5j8ysdDcTdA8s7JyIgVch12exR%2FWQLDYAU7RcUGSy4%3D&amp;reserved=0\" target=\"_blank\" rel=\"noopener noreferrer\" data-auth=\"NotApplicable\" data-linkindex=\"19\" data-ogsc=\"\">L\u2019expo eau au CPAS d\u2019Evere<\/a><\/span><\/b><span data-ogsc=\"\"><a title=\"URL d'origine: https:\/\/www.facebook.com\/reel\/1418034632997222. Cliquez ou appuyez si vous faites confiance \u00e0 ce lien.\" href=\"https:\/\/eur05.safelinks.protection.outlook.com\/?url=https%3A%2F%2Fwww.facebook.com%2Freel%2F1418034632997222&amp;data=05%7C02%7Cjonas.guyaux%40fdss.be%7C9f58fb41128e46f44fed08de4e93252f%7C703d0464870c4eb28f297eddb2d14cbc%7C0%7C0%7C639034591169210661%7CUnknown%7CTWFpbGZsb3d8eyJFbXB0eU1hcGkiOnRydWUsIlYiOiIwLjAuMDAwMCIsIlAiOiJXaW4zMiIsIkFOIjoiTWFpbCIsIldUIjoyfQ%3D%3D%7C0%7C%7C%7C&amp;sdata=EHm%2FZKSIgIbSy4mJDK%2FmvWmvQq10d%2FNWrmFPpft2bDc%3D&amp;reserved=0\" target=\"_blank\" rel=\"noopener noreferrer\" data-auth=\"NotApplicable\" data-linkindex=\"20\" data-ogsc=\"\">\u00a0en vid\u00e9o<\/a> (Facebook \u2013 vid\u00e9o)<\/span><\/li>\n<\/ul>\n<\/div>\n<div>\n<ul type=\"disc\">\n<li class=\"x_MsoNormal\" data-ogsc=\"black\"><b data-ogsc=\"\"><span data-ogsc=\"\"><a title=\"URL d'origine: https:\/\/www.rwade.be\/projects\/une-rencontre-pour-denoncer-les-injustices\/?fbclid=IwY2xjawOeKDVleHRuA2FlbQIxMQBzcnRjBmFwcF9pZBAyMjIwMzkxNzg4MjAwODkyAAEeZf864d0Nh-qmFc0TZG6fXvPayYBTDEsAfLRwdf4DWrNjPQODUv0k7fZ2NAA_aem_fVItSLdafw3lpb3bq6yI5Q. Cliquez ou appuyez si vous faites confiance \u00e0 ce lien.\" href=\"https:\/\/eur05.safelinks.protection.outlook.com\/?url=https%3A%2F%2Fwww.rwade.be%2Fprojects%2Fune-rencontre-pour-denoncer-les-injustices%2F%3Ffbclid%3DIwY2xjawOeKDVleHRuA2FlbQIxMQBzcnRjBmFwcF9pZBAyMjIwMzkxNzg4MjAwODkyAAEeZf864d0Nh-qmFc0TZG6fXvPayYBTDEsAfLRwdf4DWrNjPQODUv0k7fZ2NAA_aem_fVItSLdafw3lpb3bq6yI5Q&amp;data=05%7C02%7Cjonas.guyaux%40fdss.be%7C9f58fb41128e46f44fed08de4e93252f%7C703d0464870c4eb28f297eddb2d14cbc%7C0%7C0%7C639034591169262846%7CUnknown%7CTWFpbGZsb3d8eyJFbXB0eU1hcGkiOnRydWUsIlYiOiIwLjAuMDAwMCIsIlAiOiJXaW4zMiIsIkFOIjoiTWFpbCIsIldUIjoyfQ%3D%3D%7C0%7C%7C%7C&amp;sdata=%2B7rZ61MYd5At1My3wIKmekRVLuksQL7%2FTIE645IeiW4%3D&amp;reserved=0\" target=\"_blank\" rel=\"noopener noreferrer\" data-auth=\"NotApplicable\" data-linkindex=\"22\" data-ogsc=\"\">Une rencontre pour d\u00e9noncer les injustices<\/a><\/span><\/b><span data-ogsc=\"\"><a title=\"URL d'origine: https:\/\/www.rwade.be\/projects\/une-rencontre-pour-denoncer-les-injustices\/?fbclid=IwY2xjawOeKDVleHRuA2FlbQIxMQBzcnRjBmFwcF9pZBAyMjIwMzkxNzg4MjAwODkyAAEeZf864d0Nh-qmFc0TZG6fXvPayYBTDEsAfLRwdf4DWrNjPQODUv0k7fZ2NAA_aem_fVItSLdafw3lpb3bq6yI5Q. Cliquez ou appuyez si vous faites confiance \u00e0 ce lien.\" href=\"https:\/\/eur05.safelinks.protection.outlook.com\/?url=https%3A%2F%2Fwww.rwade.be%2Fprojects%2Fune-rencontre-pour-denoncer-les-injustices%2F%3Ffbclid%3DIwY2xjawOeKDVleHRuA2FlbQIxMQBzcnRjBmFwcF9pZBAyMjIwMzkxNzg4MjAwODkyAAEeZf864d0Nh-qmFc0TZG6fXvPayYBTDEsAfLRwdf4DWrNjPQODUv0k7fZ2NAA_aem_fVItSLdafw3lpb3bq6yI5Q&amp;data=05%7C02%7Cjonas.guyaux%40fdss.be%7C9f58fb41128e46f44fed08de4e93252f%7C703d0464870c4eb28f297eddb2d14cbc%7C0%7C0%7C639034591169283876%7CUnknown%7CTWFpbGZsb3d8eyJFbXB0eU1hcGkiOnRydWUsIlYiOiIwLjAuMDAwMCIsIlAiOiJXaW4zMiIsIkFOIjoiTWFpbCIsIldUIjoyfQ%3D%3D%7C0%7C%7C%7C&amp;sdata=n93mF88As72nVQW3d%2Bq3sAc2%2B921L3iBF5ld%2FTkflfI%3D&amp;reserved=0\" target=\"_blank\" rel=\"noopener noreferrer\" data-auth=\"NotApplicable\" data-linkindex=\"23\" data-ogsc=\"\">\u00a0que subissent les m\u00e9nages (<\/a>Vid\u00e9o du RWade)<\/span><\/li>\n<\/ul>\n<\/div>\n<div>\n<p class=\"x_MsoNormal\"><strong>\u2013 Aide alimentaire \u2013<\/strong><\/p>\n<\/div>\n<div>\n<ul type=\"disc\">\n<li class=\"x_MsoNormal\" data-ogsc=\"black\"><b data-ogsc=\"\"><span data-ogsc=\"\"><a title=\"URL d'origine: https:\/\/www.rtbf.be\/article\/diminution-d-un-tiers-du-budget-federal-pour-l-aide-alimentaire-en-2026-on-est-tres-inquiets-11651161. Cliquez ou appuyez si vous faites confiance \u00e0 ce lien.\" href=\"https:\/\/eur05.safelinks.protection.outlook.com\/?url=https%3A%2F%2Fwww.rtbf.be%2Farticle%2Fdiminution-d-un-tiers-du-budget-federal-pour-l-aide-alimentaire-en-2026-on-est-tres-inquiets-11651161&amp;data=05%7C02%7Cjonas.guyaux%40fdss.be%7C9f58fb41128e46f44fed08de4e93252f%7C703d0464870c4eb28f297eddb2d14cbc%7C0%7C0%7C639034591169303861%7CUnknown%7CTWFpbGZsb3d8eyJFbXB0eU1hcGkiOnRydWUsIlYiOiIwLjAuMDAwMCIsIlAiOiJXaW4zMiIsIkFOIjoiTWFpbCIsIldUIjoyfQ%3D%3D%7C0%7C%7C%7C&amp;sdata=g%2F7Fjap%2FacRfPn3%2FtfdBq9KKM7fsMlGbMWt6XoCD130%3D&amp;reserved=0\" target=\"_blank\" rel=\"noopener noreferrer\" data-auth=\"NotApplicable\" data-linkindex=\"24\" data-ogsc=\"\">Diminution d\u2019un tiers du budget f\u00e9d\u00e9ral pour l\u2019aide alimentaire en 2026 : \u00ab On est tr\u00e8s inquiets \u00bb<\/a><\/span><\/b><span data-ogsc=\"\"><a title=\"URL d'origine: https:\/\/www.rtbf.be\/article\/diminution-d-un-tiers-du-budget-federal-pour-l-aide-alimentaire-en-2026-on-est-tres-inquiets-11651161. Cliquez ou appuyez si vous faites confiance \u00e0 ce lien.\" href=\"https:\/\/eur05.safelinks.protection.outlook.com\/?url=https%3A%2F%2Fwww.rtbf.be%2Farticle%2Fdiminution-d-un-tiers-du-budget-federal-pour-l-aide-alimentaire-en-2026-on-est-tres-inquiets-11651161&amp;data=05%7C02%7Cjonas.guyaux%40fdss.be%7C9f58fb41128e46f44fed08de4e93252f%7C703d0464870c4eb28f297eddb2d14cbc%7C0%7C0%7C639034591169322379%7CUnknown%7CTWFpbGZsb3d8eyJFbXB0eU1hcGkiOnRydWUsIlYiOiIwLjAuMDAwMCIsIlAiOiJXaW4zMiIsIkFOIjoiTWFpbCIsIldUIjoyfQ%3D%3D%7C0%7C%7C%7C&amp;sdata=r0niXqwEtzIuAkWxu%2BODDaNCaGWPouHF9FeNhC2yxPM%3D&amp;reserved=0\" target=\"_blank\" rel=\"noopener noreferrer\" data-auth=\"NotApplicable\" data-linkindex=\"25\" data-ogsc=\"\">\u00a0<\/a>(RTBF) : <i data-ogsc=\"\">En Belgique, 600.000 personnes ont recours \u00e0 l\u2019aide alimentaire. Des fonds europ\u00e9ens et f\u00e9d\u00e9raux permettent \u00e0 la Belgique de fournir associations et CPAS en denr\u00e9es alimentaires de longues conservations type p\u00e2tes, riz, conserves. Mais entre la diminution de ce budget et la hausse probable de b\u00e9n\u00e9ficiaires, l\u2019ann\u00e9e\u00a02026 s\u2019annonce difficile et les acteurs de terrain sont inquiets.<\/i><\/span><\/li>\n<\/ul>\n<\/div>\n<div>\n<ul type=\"disc\">\n<li class=\"x_MsoNormal\" data-ogsc=\"black\"><b data-ogsc=\"\"><span data-ogsc=\"\"><a title=\"URL d'origine: https:\/\/www.youtube.com\/watch?v=62YV6aP0n-4. Cliquez ou appuyez si vous faites confiance \u00e0 ce lien.\" href=\"https:\/\/eur05.safelinks.protection.outlook.com\/?url=https%3A%2F%2Fwww.youtube.com%2Fwatch%3Fv%3D62YV6aP0n-4&amp;data=05%7C02%7Cjonas.guyaux%40fdss.be%7C9f58fb41128e46f44fed08de4e93252f%7C703d0464870c4eb28f297eddb2d14cbc%7C0%7C0%7C639034591169345462%7CUnknown%7CTWFpbGZsb3d8eyJFbXB0eU1hcGkiOnRydWUsIlYiOiIwLjAuMDAwMCIsIlAiOiJXaW4zMiIsIkFOIjoiTWFpbCIsIldUIjoyfQ%3D%3D%7C0%7C%7C%7C&amp;sdata=OG8upYOfXXuxfQy7DXgJxz%2F%2B%2BahmF0r7shoWVu2MjTM%3D&amp;reserved=0\" target=\"_blank\" rel=\"noopener noreferrer\" data-auth=\"NotApplicable\" data-linkindex=\"26\" data-ogsc=\"\">Un regard sur l&rsquo;accueil : t\u00e9moignage de Christel du Service social Cureghem<\/a><\/span><\/b><span data-ogsc=\"\"><a title=\"URL d'origine: https:\/\/www.youtube.com\/watch?v=62YV6aP0n-4. Cliquez ou appuyez si vous faites confiance \u00e0 ce lien.\" href=\"https:\/\/eur05.safelinks.protection.outlook.com\/?url=https%3A%2F%2Fwww.youtube.com%2Fwatch%3Fv%3D62YV6aP0n-4&amp;data=05%7C02%7Cjonas.guyaux%40fdss.be%7C9f58fb41128e46f44fed08de4e93252f%7C703d0464870c4eb28f297eddb2d14cbc%7C0%7C0%7C639034591169369141%7CUnknown%7CTWFpbGZsb3d8eyJFbXB0eU1hcGkiOnRydWUsIlYiOiIwLjAuMDAwMCIsIlAiOiJXaW4zMiIsIkFOIjoiTWFpbCIsIldUIjoyfQ%3D%3D%7C0%7C%7C%7C&amp;sdata=71qfnycrIZ8HW%2FA8jHlODeq9MtHqhAXWw9TJiEJc%2BHo%3D&amp;reserved=0\" target=\"_blank\" rel=\"noopener noreferrer\" data-auth=\"NotApplicable\" data-linkindex=\"27\" data-ogsc=\"\">\u00a0<\/a>(YouTube \u2013 vid\u00e9o)<\/span><\/li>\n<\/ul>\n<\/div>\n<div>\n<p class=\"x_MsoNormal\"><b><span data-ogsc=\"black\"><strong>\u2013 Ce Qui Nous Arrive \u2013<\/strong><\/span><\/b><\/p>\n<\/div>\n<div>\n<ul type=\"disc\">\n<li class=\"x_MsoNormal\" data-ogsc=\"black\"><b data-ogsc=\"\"><span data-ogsc=\"\"><a title=\"URL d'origine: https:\/\/cequinousarrive.be\/cqna-2ieme-edition-merci\/. Cliquez ou appuyez si vous faites confiance \u00e0 ce lien.\" href=\"https:\/\/eur05.safelinks.protection.outlook.com\/?url=https%3A%2F%2Fcequinousarrive.be%2Fcqna-2ieme-edition-merci%2F&amp;data=05%7C02%7Cjonas.guyaux%40fdss.be%7C9f58fb41128e46f44fed08de4e93252f%7C703d0464870c4eb28f297eddb2d14cbc%7C0%7C0%7C639034591169392423%7CUnknown%7CTWFpbGZsb3d8eyJFbXB0eU1hcGkiOnRydWUsIlYiOiIwLjAuMDAwMCIsIlAiOiJXaW4zMiIsIkFOIjoiTWFpbCIsIldUIjoyfQ%3D%3D%7C0%7C%7C%7C&amp;sdata=WmDYBhW9UrRfhw9P6fjI5JhKsU1hqWroK7D3%2B8Udk%2Fc%3D&amp;reserved=0\" target=\"_blank\" rel=\"noopener noreferrer\" data-auth=\"NotApplicable\" data-linkindex=\"28\" data-ogsc=\"\">Retour sur la 2e \u00e9dition de Ce Qui Nous Arrive<\/a><\/span><\/b><span data-ogsc=\"\"><a title=\"URL d'origine: https:\/\/cequinousarrive.be\/cqna-2ieme-edition-merci\/. Cliquez ou appuyez si vous faites confiance \u00e0 ce lien.\" href=\"https:\/\/eur05.safelinks.protection.outlook.com\/?url=https%3A%2F%2Fcequinousarrive.be%2Fcqna-2ieme-edition-merci%2F&amp;data=05%7C02%7Cjonas.guyaux%40fdss.be%7C9f58fb41128e46f44fed08de4e93252f%7C703d0464870c4eb28f297eddb2d14cbc%7C0%7C0%7C639034591169414391%7CUnknown%7CTWFpbGZsb3d8eyJFbXB0eU1hcGkiOnRydWUsIlYiOiIwLjAuMDAwMCIsIlAiOiJXaW4zMiIsIkFOIjoiTWFpbCIsIldUIjoyfQ%3D%3D%7C0%7C%7C%7C&amp;sdata=CZstZPtzdzdhQW1n2asPv9xGlACJw%2BiQKe77g7s4nJI%3D&amp;reserved=0\" target=\"_blank\" rel=\"noopener noreferrer\" data-auth=\"NotApplicable\" data-linkindex=\"29\" data-ogsc=\"\">\u00a0<\/a><\/span><\/li>\n<\/ul>\n<\/div>\n<div>\n<p class=\"x_MsoNormal\"><strong>\u2013 Travail communautaire \u2013<\/strong><\/p>\n<\/div>\n<div>\n<ul type=\"disc\">\n<li class=\"x_MsoNormal\" data-ogsc=\"black\"><b data-ogsc=\"\"><span data-ogsc=\"\"><a title=\"URL d'origine: https:\/\/questionsante.org\/articles-bxl-sante\/une-journee-intersectorielle-pour-questionner-laction-communautaire\/. Cliquez ou appuyez si vous faites confiance \u00e0 ce lien.\" href=\"https:\/\/eur05.safelinks.protection.outlook.com\/?url=https%3A%2F%2Fquestionsante.org%2Farticles-bxl-sante%2Fune-journee-intersectorielle-pour-questionner-laction-communautaire%2F&amp;data=05%7C02%7Cjonas.guyaux%40fdss.be%7C9f58fb41128e46f44fed08de4e93252f%7C703d0464870c4eb28f297eddb2d14cbc%7C0%7C0%7C639034591169436790%7CUnknown%7CTWFpbGZsb3d8eyJFbXB0eU1hcGkiOnRydWUsIlYiOiIwLjAuMDAwMCIsIlAiOiJXaW4zMiIsIkFOIjoiTWFpbCIsIldUIjoyfQ%3D%3D%7C0%7C%7C%7C&amp;sdata=zb%2FpsQn9onrWz1IkI2C5qA9vS018EWaSoiuHBAYfHq4%3D&amp;reserved=0\" target=\"_blank\" rel=\"noopener noreferrer\" data-auth=\"NotApplicable\" data-linkindex=\"30\" data-ogsc=\"\">Une journ\u00e9e intersectorielle, pour questionner l\u2019action communautaire<\/a><\/span><\/b><span data-ogsc=\"\"> <b data-ogsc=\"\">(Question sant\u00e9)<\/b><\/span><\/li>\n<\/ul>\n<\/div>\n","protected":false},"excerpt":{"rendered":"<p>\u2013 Secteur \u2013 \u00ab Ensemble, nous sifflons la fin de la r\u00e9cr\u00e9ation politique \u00bb\u00a0(Le Soir) : 541 jours sans gouvernement bruxellois, un triste record. Recensement : \u00c0 Bruxelles, la liquidation sociale a d\u00e9marr\u00e9\u00a0(Interview de Justine Vleminckx par la com) Simplifier, oui. Fragiliser les entreprises qui permettent la remise \u00e0 l\u2019emploi\u2026 non !\u00a0(Le Soir) : \u00ab\u00a0Jamais [&hellip;]<\/p>\n","protected":false},"author":4,"featured_media":12747,"comment_status":"open","ping_status":"open","sticky":false,"template":"","format":"standard","meta":{"_acf_changed":false,"footnotes":""},"categories":[1],"tags":[],"class_list":["post-14426","post","type-post","status-publish","format-standard","has-post-thumbnail","hentry","category-fdss"],"acf":[],"_links":{"self":[{"href":"https:\/\/www.fdss.be\/fr\/wp-json\/wp\/v2\/posts\/14426","targetHints":{"allow":["GET"]}}],"collection":[{"href":"https:\/\/www.fdss.be\/fr\/wp-json\/wp\/v2\/posts"}],"about":[{"href":"https:\/\/www.fdss.be\/fr\/wp-json\/wp\/v2\/types\/post"}],"author":[{"embeddable":true,"href":"https:\/\/www.fdss.be\/fr\/wp-json\/wp\/v2\/users\/4"}],"replies":[{"embeddable":true,"href":"https:\/\/www.fdss.be\/fr\/wp-json\/wp\/v2\/comments?post=14426"}],"version-history":[{"count":1,"href":"https:\/\/www.fdss.be\/fr\/wp-json\/wp\/v2\/posts\/14426\/revisions"}],"predecessor-version":[{"id":14427,"href":"https:\/\/www.fdss.be\/fr\/wp-json\/wp\/v2\/posts\/14426\/revisions\/14427"}],"wp:featuredmedia":[{"embeddable":true,"href":"https:\/\/www.fdss.be\/fr\/wp-json\/wp\/v2\/media\/12747"}],"wp:attachment":[{"href":"https:\/\/www.fdss.be\/fr\/wp-json\/wp\/v2\/media?parent=14426"}],"wp:term":[{"taxonomy":"category","embeddable":true,"href":"https:\/\/www.fdss.be\/fr\/wp-json\/wp\/v2\/categories?post=14426"},{"taxonomy":"post_tag","embeddable":true,"href":"https:\/\/www.fdss.be\/fr\/wp-json\/wp\/v2\/tags?post=14426"}],"curies":[{"name":"wp","href":"https:\/\/api.w.org\/{rel}","templated":true}]}}