{"id":14221,"date":"2025-12-04T10:21:35","date_gmt":"2025-12-04T09:21:35","guid":{"rendered":"https:\/\/www.fdss.be\/?p=14221"},"modified":"2025-12-04T10:53:31","modified_gmt":"2025-12-04T09:53:31","slug":"revue-dactualites-novembre-2025","status":"publish","type":"post","link":"https:\/\/www.fdss.be\/fr\/revue-dactualites-novembre-2025\/","title":{"rendered":"Revue d&rsquo;actualit\u00e9s | Novembre 2025"},"content":{"rendered":"<p><strong>&#8211; Aide alimentaire &#8211;<\/strong><\/p>\n<ul>\n<li><a href=\"https:\/\/www.tvcom.be\/info\/wavre-les-restos-du-coeur-inquiets-apres-une-coupe-budgetaire-federale\/56157\">Wavre : Les Restos du Coeur inquiets apr\u00e8s une coupe budg\u00e9taire f\u00e9d\u00e9rale<\/a> (TVCom)<\/li>\n<li><a href=\"https:\/\/www.lavenir.net\/lavenir-vous-repond\/2025\/11\/02\/peut-on-vendre-du-cafe-en-grande-surface-en-belgique-une-fois-que-la-date-de-peremption-est-depassee-il-y-a-deux-types-de-dates-sur-les-emballages-MUI7SDH76BFHNPIGPLOQ7SLHHU\/\">Peut-on vendre du caf\u00e9 en grande surface en Belgique, une fois la date de p\u00e9remption d\u00e9pass\u00e9e? Il y a deux types de dates sur les emballages&#8230;<\/a> (Vers l\u2019Avenir)<\/li>\n<\/ul>\n<p><strong>&#8211; \u00c9nergie &amp; logement<\/strong><\/p>\n<ul>\n<li><a href=\"https:\/\/environnement.brussels\/citoyen\/news\/2025\/retour-de-lautomne-comment-alleger-vos-factures-denergie\">Retour de l\u2019automne\u202f: comment all\u00e9ger vos factures d\u2019\u00e9nergie\u202f?<\/a> (Bruxelles Environnement)<\/li>\n<li><a href=\"https:\/\/www.nationale4.be\/en-bord-de-soignes\/\">En bord de Soignes\u00a0: Logement (a)social<\/a> \u00a0&#8211; (Podcast, National 4)<\/li>\n<\/ul>\n<p><strong>&#8211; Num\u00e9ro Vert &#8211;<\/strong><\/p>\n<ul>\n<li><a href=\"https:\/\/www.bruxelles-j.be\/actus\/allo-aide-sociale-le-numero-gratuit\/\">Allo ? Aide sociale, le num\u00e9ro gratuit !<\/a> (Bruxelles-J)<\/li>\n<\/ul>\n<p><strong>&#8211; Rendre Visible l\u2019invisible &#8211;<\/strong><\/p>\n<ul>\n<li><a href=\"https:\/\/www.facebook.com\/reel\/686547034279477\">After-movie de l\u2019\u00e9dition 2025<\/a> (Cin\u00e9sie Production)<\/li>\n<\/ul>\n<p><strong>&#8211; Secteur &#8211;<\/strong><\/p>\n<ul>\n<li><a href=\"https:\/\/www.lesoir.be\/709171\/article\/2025-11-05\/expulsion-violente-au-square-de-laviation-consternation-et-incomprehension\">Expulsion violente au square de l\u2019Aviation : consternation et incompr\u00e9hension<\/a> (Le Soir)<\/li>\n<li><a href=\"https:\/\/www.fdss.be\/wp-content\/uploads\/CARTE-BLANCHE_secteur-non-marchand-FR-NL.pdf?fbclid=IwY2xjawOeLThleHRuA2FlbQIxMABicmlkETEwVDNBWU9UWDhRVjZUZEQ1c3J0YwZhcHBfaWQQMjIyMDM5MTc4ODIwMDg5MgABHqCCs_dgk3V2NdkKHa-k4zoc88W8_sjDi0kMet2VCJlil6ws2vDspm7HXd6Q_aem_IbFfmwdLcDR1lXY7RDSuAA\">Carte blanche\u00a0: Mettre fin au d\u00e9ni institutionnel et soutenir les forces vives associatives non-marchandes\u00a0!<\/a><\/li>\n<li><a href=\"https:\/\/www.facebook.com\/photo?fbid=1152893817047018&amp;set=pcb.1152896983713368\">Mobilisation\u00a0: Action sac de couchage devant le Palais de Justice pour d\u00e9noncer les politiques d\u2019accueil de la Belgique<\/a><\/li>\n<\/ul>\n<p><strong>&#8211; \u00c9v\u00e9nements \u00e0 venir &#8211;<\/strong><\/p>\n<ul>\n<li>11 &amp; 12 d\u00e9cembre \u00e0 Bruxelles\u00a0: <a href=\"https:\/\/cequinousarrive.be\/\">Ce Qui Nous Arrive \u2013 2<sup>e<\/sup> \u00e9dition<\/a><\/li>\n<li>12 d\u00e9cembre \u00e0 Namur\u00a0: <a href=\"https:\/\/www.facebook.com\/photo\/?fbid=792814563815249&amp;set=a.133076163122429\">Ecoute collective du podcast \u00ab\u00a0Paroles de Daronnes\u00a0\u00bb<\/a> de l\u2019\u00e9pisode \u00ab\u00a0Recherche de logement, parcours de lutte\u00a0\u00bb<\/li>\n<\/ul>\n","protected":false},"excerpt":{"rendered":"<p>&#8211; Aide alimentaire &#8211; Wavre : Les Restos du Coeur inquiets apr\u00e8s une coupe budg\u00e9taire f\u00e9d\u00e9rale (TVCom) Peut-on vendre du caf\u00e9 en grande surface en Belgique, une fois la date de p\u00e9remption d\u00e9pass\u00e9e? Il y a deux types de dates sur les emballages&#8230; (Vers l\u2019Avenir) &#8211; \u00c9nergie &amp; logement Retour de l\u2019automne\u202f: comment all\u00e9ger vos [&hellip;]<\/p>\n","protected":false},"author":4,"featured_media":12747,"comment_status":"open","ping_status":"open","sticky":false,"template":"","format":"standard","meta":{"_acf_changed":false,"footnotes":""},"categories":[1],"tags":[],"class_list":["post-14221","post","type-post","status-publish","format-standard","has-post-thumbnail","hentry","category-fdss"],"acf":[],"_links":{"self":[{"href":"https:\/\/www.fdss.be\/fr\/wp-json\/wp\/v2\/posts\/14221","targetHints":{"allow":["GET"]}}],"collection":[{"href":"https:\/\/www.fdss.be\/fr\/wp-json\/wp\/v2\/posts"}],"about":[{"href":"https:\/\/www.fdss.be\/fr\/wp-json\/wp\/v2\/types\/post"}],"author":[{"embeddable":true,"href":"https:\/\/www.fdss.be\/fr\/wp-json\/wp\/v2\/users\/4"}],"replies":[{"embeddable":true,"href":"https:\/\/www.fdss.be\/fr\/wp-json\/wp\/v2\/comments?post=14221"}],"version-history":[{"count":2,"href":"https:\/\/www.fdss.be\/fr\/wp-json\/wp\/v2\/posts\/14221\/revisions"}],"predecessor-version":[{"id":14223,"href":"https:\/\/www.fdss.be\/fr\/wp-json\/wp\/v2\/posts\/14221\/revisions\/14223"}],"wp:featuredmedia":[{"embeddable":true,"href":"https:\/\/www.fdss.be\/fr\/wp-json\/wp\/v2\/media\/12747"}],"wp:attachment":[{"href":"https:\/\/www.fdss.be\/fr\/wp-json\/wp\/v2\/media?parent=14221"}],"wp:term":[{"taxonomy":"category","embeddable":true,"href":"https:\/\/www.fdss.be\/fr\/wp-json\/wp\/v2\/categories?post=14221"},{"taxonomy":"post_tag","embeddable":true,"href":"https:\/\/www.fdss.be\/fr\/wp-json\/wp\/v2\/tags?post=14221"}],"curies":[{"name":"wp","href":"https:\/\/api.w.org\/{rel}","templated":true}]}}