{"id":13841,"date":"2025-09-08T15:34:19","date_gmt":"2025-09-08T13:34:19","guid":{"rendered":"https:\/\/www.fdss.be\/?p=13841"},"modified":"2025-09-08T16:12:30","modified_gmt":"2025-09-08T14:12:30","slug":"revue-dactualites-aout-2025","status":"publish","type":"post","link":"https:\/\/www.fdss.be\/fr\/revue-dactualites-aout-2025\/","title":{"rendered":"Revue d&rsquo;actualit\u00e9s | Ao\u00fbt 2025"},"content":{"rendered":"<p><strong>&#8211; FdSS &#8211;<\/strong><\/p>\n<ul>\n<li><a href=\"https:\/\/www.lacsc.be\/actualite\/actualites-et-communiques-de-presse\/newsdetail\/2025\/08\/04\/des-paroles-steriles-sont-pires-que-le-silence-complice-agissez-aujourd-hui?t=1757337318342\">Des paroles st\u00e9riles sont pires que le silence complice: agissez aujourd&rsquo;hui!<\/a> (Communiqu\u00e9 de presse sign\u00e9 \u2013 CSC)<\/li>\n<li><a href=\"https:\/\/www.dewereldmorgen.be\/artikel\/2025\/08\/01\/middenveld-overhandigt-motie-aan-regering-loze-woorden-zijn-erger-dan-medeplichtig-stilzwijgen-reageer-vandaag\/\">Middenveld overhandigt motie aan regering: \u201cLoze woorden zijn erger dan medeplichtig stilzwijgen. Reageer vandaag\u201d<\/a> \u00a0<em>[La soci\u00e9t\u00e9 civile remet une motion au gouvernement : \u00ab Les paroles creuses sont pires que le silence complice. R\u00e9agissez d\u00e8s aujourd&rsquo;hui ! \u00bb]<\/em> (De Morgen, lettre ouverte sign\u00e9e)<\/li>\n<li><a href=\"https:\/\/www.lalibre.be\/debats\/opinions\/2025\/08\/20\/sous-les-decombres-de-gaza-cest-aussi-notre-humanite-qui-se-meurt-CKZBWFEWTZBNXODLYMLLGOPMHE\/\">Pour Matthieu Ricard, Alexandre Jollien, Ilios Kotsou et Patrick Dupriez: \u00ab\u00a0Sous les d\u00e9combres de Gaza, c&rsquo;est aussi notre humanit\u00e9 qui se meurt\u00a0\u00bb<\/a> (FdSS cit\u00e9e en fin d\u2019article, La Libre)<\/li>\n<\/ul>\n<p><strong>&#8211; CASE &#8211;<\/strong><\/p>\n<ul>\n<li><a href=\"https:\/\/www.lalibre.be\/debats\/opinions\/2025\/07\/31\/le-logement-bruxellois-necessite-une-politique-energetique-plus-sociale-DIMQ7MXR6JHO3KAZV5ZGJMI4XI\/\">Le logement bruxellois n\u00e9cessite une politique \u00e9nerg\u00e9tique plus sociale<\/a> (Opinion, carte blanche La Libre)<\/li>\n<\/ul>\n<p><strong>&#8211; Recherch\u2019Action &#8211;<\/strong><\/p>\n<ul>\n<li><a href=\"https:\/\/champsocial.com\/book-des_pas_de_cote_dans_le_travail_social_le_metier_dans_toutes_ses_marges,1388.html\">Des pas de c\u00f4t\u00e9 dans le travail social : le m\u00e9tier dans toutes ses marges.<\/a> Livre o\u00f9 un article de Lotte et Charlotte a \u00e9t\u00e9 publi\u00e9 sur la prostitution\/TDS est paru (Champ social).<\/li>\n<\/ul>\n<p><strong>&#8211; Ressources &#8211;<\/strong><\/p>\n<ul>\n<li><a href=\"https:\/\/www.lesoir.be\/695585\/article\/2025-08-28\/combien-ca-coute-reellement-detre-proprietaire-bailleur-bruxelles\">Combien \u00e7a co\u00fbte r\u00e9ellement d\u2019\u00eatre propri\u00e9taire bailleur \u00e0 Bruxelles<\/a> (Le Soir Immo pi\u00e8ce jointe)<\/li>\n<li><a href=\"https:\/\/www.rtbf.be\/article\/notre-empathie-est-elle-en-voie-de-disparition-un-signal-d-alerte-pour-nos-democraties-11591882?utm_campaign=LaPremiere%2027-08-2025&amp;utm_medium=email&amp;utm_source=newsletter\">Notre empathie est-elle en voie de disparition ? Un signal d\u2019alerte pour nos d\u00e9mocraties<\/a> (RTBF)<\/li>\n<\/ul>\n","protected":false},"excerpt":{"rendered":"<p>&#8211; FdSS &#8211; Des paroles st\u00e9riles sont pires que le silence complice: agissez aujourd&rsquo;hui! (Communiqu\u00e9 de presse sign\u00e9 \u2013 CSC) Middenveld overhandigt motie aan regering: \u201cLoze woorden zijn erger dan medeplichtig stilzwijgen. Reageer vandaag\u201d \u00a0[La soci\u00e9t\u00e9 civile remet une motion au gouvernement : \u00ab Les paroles creuses sont pires que le silence complice. R\u00e9agissez d\u00e8s [&hellip;]<\/p>\n","protected":false},"author":4,"featured_media":12745,"comment_status":"open","ping_status":"open","sticky":false,"template":"","format":"standard","meta":{"_acf_changed":false,"footnotes":""},"categories":[1],"tags":[],"class_list":["post-13841","post","type-post","status-publish","format-standard","has-post-thumbnail","hentry","category-fdss"],"acf":[],"_links":{"self":[{"href":"https:\/\/www.fdss.be\/fr\/wp-json\/wp\/v2\/posts\/13841","targetHints":{"allow":["GET"]}}],"collection":[{"href":"https:\/\/www.fdss.be\/fr\/wp-json\/wp\/v2\/posts"}],"about":[{"href":"https:\/\/www.fdss.be\/fr\/wp-json\/wp\/v2\/types\/post"}],"author":[{"embeddable":true,"href":"https:\/\/www.fdss.be\/fr\/wp-json\/wp\/v2\/users\/4"}],"replies":[{"embeddable":true,"href":"https:\/\/www.fdss.be\/fr\/wp-json\/wp\/v2\/comments?post=13841"}],"version-history":[{"count":1,"href":"https:\/\/www.fdss.be\/fr\/wp-json\/wp\/v2\/posts\/13841\/revisions"}],"predecessor-version":[{"id":13842,"href":"https:\/\/www.fdss.be\/fr\/wp-json\/wp\/v2\/posts\/13841\/revisions\/13842"}],"wp:featuredmedia":[{"embeddable":true,"href":"https:\/\/www.fdss.be\/fr\/wp-json\/wp\/v2\/media\/12745"}],"wp:attachment":[{"href":"https:\/\/www.fdss.be\/fr\/wp-json\/wp\/v2\/media?parent=13841"}],"wp:term":[{"taxonomy":"category","embeddable":true,"href":"https:\/\/www.fdss.be\/fr\/wp-json\/wp\/v2\/categories?post=13841"},{"taxonomy":"post_tag","embeddable":true,"href":"https:\/\/www.fdss.be\/fr\/wp-json\/wp\/v2\/tags?post=13841"}],"curies":[{"name":"wp","href":"https:\/\/api.w.org\/{rel}","templated":true}]}}