{"id":13753,"date":"2025-08-19T15:25:35","date_gmt":"2025-08-19T13:25:35","guid":{"rendered":"https:\/\/www.fdss.be\/?p=13753"},"modified":"2025-08-25T16:22:06","modified_gmt":"2025-08-25T14:22:06","slug":"place-a-nos-droits","status":"publish","type":"post","link":"https:\/\/www.fdss.be\/fr\/place-a-nos-droits\/","title":{"rendered":"Place \u00e0 nos droits &#8211; Village associatif \u00e0 Saint-Gilles"},"content":{"rendered":"<h3>Entre voisins et associations, nous partageons bien plus qu&rsquo;une adresse !<\/h3>\n<p>Vous avez des questions et vous ne savez pas \u00e0 qui vous adresser ?<br \/>\nDes id\u00e9es, des craintes, des difficult\u00e9s et envie d\u2019en discuter ? Venez rencontrer les <strong>travailleurs et travailleuses sociaux<\/strong> de plusieurs associations du quartier, et discuter de ce qui nous arrive entre voisins, lors d\u2019un moment convivial !<\/p>\n<h4><strong>Le 10 septembre | Place Bethl\u00e9em | De 11h \u00e0 17h30<\/strong><\/h4>\n<h3><strong>Ensemble pour d\u00e9fendre nos droits<\/strong><\/h3>\n<p>Face aux inqui\u00e9tudes li\u00e9es aux reculs des droits sociaux, les associations de Saint-Gilles s\u2019unissent pour rencontrer les habitants, en partenariat avec la <strong>Coordination Sociale de Saint-Gilles<\/strong>.<\/p>\n<p>Cet \u00e9v\u00e9nement est pens\u00e9<strong> pour les habitants<\/strong>, afin de :<\/p>\n<ul>\n<li>Favoriser l\u2019acc\u00e8s aux droits fondamentaux<\/li>\n<li>Cr\u00e9er du lien entre associations et citoyen\u00b7nes<\/li>\n<li>Sensibiliser aux cons\u00e9quences concr\u00e8tes de la restriction du ch\u00f4mage<\/li>\n<li>Rendre visibles les services locaux<\/li>\n<li>Encourager la participation citoyenne<\/li>\n<li>\u00c9couter les besoins du terrain, directement exprim\u00e9s par vous<\/li>\n<\/ul>\n<h3><strong>Programme de la journ\u00e9e<\/strong><\/h3>\n<p>Venez passer un moment convivial, utile et solidaire :<\/p>\n<ul>\n<li>Stands th\u00e9matiques (emploi, migration, \u00e9nergie, sant\u00e9, etc.)<\/li>\n<li>Espace enfants<\/li>\n<li>Restauration solidaire<\/li>\n<li>Espace d\u2019\u00e9changes et d\u2019\u00e9coute<\/li>\n<li>Ecoute et r\u00e9colte des besoins des habitants<\/li>\n<li>Permanence sociale mobile<\/li>\n<li>Conf\u00e9rence gesticul\u00e9e<\/li>\n<\/ul>\n<p>&nbsp;<\/p>\n<p><div class=\"su-animate\" style=\"opacity:0;-webkit-animation-duration:1s;-webkit-animation-delay:0s;animation-duration:1s;animation-delay:0s;\" data-animation=\"slideInRight\" data-duration=\"1\" data-delay=\"0\"><br \/>\n<div class=\"title_code\"><strong>&gt;&gt; Qui sera pr\u00e9sent ?<\/strong><\/div>\n        <div class=\"content_code\"><\/p>\n<p>Plusieurs associations locales, engag\u00e9es dans l\u2019aide sociale, l\u2019acc\u00e8s \u00e0 l\u2019emploi, la sant\u00e9, la migration ou encore l\u2019alimentation, seront l\u00e0 pour <strong>vous informer, vous soutenir et vous orienter<\/strong>.<\/p>\n<p>Parmi les organisations participantes :<\/p>\n<p>&nbsp;<\/p>\n<h4><img loading=\"lazy\" decoding=\"async\" class=\"alignnone  wp-image-13805\" src=\"https:\/\/www.fdss.be\/wp-content\/uploads\/Capture-decran-2025-08-25-161627-500x85.png\" alt=\"\" width=\"1629\" height=\"277\" srcset=\"https:\/\/www.fdss.be\/wp-content\/uploads\/Capture-decran-2025-08-25-161627-500x85.png 500w, https:\/\/www.fdss.be\/wp-content\/uploads\/Capture-decran-2025-08-25-161627-1024x174.png 1024w, https:\/\/www.fdss.be\/wp-content\/uploads\/Capture-decran-2025-08-25-161627-150x25.png 150w, https:\/\/www.fdss.be\/wp-content\/uploads\/Capture-decran-2025-08-25-161627-768x130.png 768w, https:\/\/www.fdss.be\/wp-content\/uploads\/Capture-decran-2025-08-25-161627.png 1433w\" sizes=\"auto, (max-width: 1629px) 100vw, 1629px\" \/><\/h4>\n<p>&nbsp;<\/p>\n<h4><\/div><br \/>\n<\/div><\/h4>\n<p><div class=\"su-animate\" style=\"opacity:0;-webkit-animation-duration:1s;-webkit-animation-delay:0s;animation-duration:1s;animation-delay:0s;\" data-animation=\"slideInRight\" data-duration=\"1\" data-delay=\"0\"><br \/>\n<div class=\"title_code\"><strong>&gt;&gt; Vous \u00eates habitants ? Rejoignez-nous ! <\/strong><\/div>\n        <div class=\"content_code\"><\/p>\n<p>On vous attend le <strong>10 septembre sur la Place Bethl\u00e9em entre 11h et 17h30<\/strong> pour se rencontrer.<\/p>\n<p>Si vous souhaiter proposer une animation (spectacle, concert, jeux, \u2026) ou donner un coup de mains, n\u2019h\u00e9sitez pas \u00e0 nous contacter avant le <strong>1<sup>er<\/sup> septembre.<\/strong><\/p>\n<h4><\/div><br \/>\n<\/div><\/h4>\n<p><div class=\"su-animate\" style=\"opacity:0;-webkit-animation-duration:1s;-webkit-animation-delay:0s;animation-duration:1s;animation-delay:0s;\" data-animation=\"slideInRight\" data-duration=\"1\" data-delay=\"0\"><br \/>\n<div class=\"title_code\"><strong>&gt;&gt; <\/strong><strong>Vous \u00eates une association ? Rejoignez-nous !<\/strong> <\/div>\n        <div class=\"content_code\"><\/p>\n<p>Vous travaillez dans l\u2019une des th\u00e9matiques li\u00e9es \u00e0 l\u2019acc\u00e8s aux droits ?<br \/>\n<strong>Participez !<\/strong> Voici comment vous pouvez contribuer :<\/p>\n<ul>\n<li>Participer au stand th\u00e9matique sur votre domaine d\u2019action<\/li>\n<li>Co-cr\u00e9er du contenu (animations, messages, visuels&#8230;)<\/li>\n<li>Mobiliser des b\u00e9n\u00e9voles ou participants pour la journ\u00e9e<\/li>\n<li>Proposer une autre th\u00e9matique : <strong>toutes les contributions sont bienvenues<\/strong><\/li>\n<\/ul>\n<h4><\/div><br \/>\n<\/div><\/h4>\n<p><div class=\"su-animate\" style=\"opacity:0;-webkit-animation-duration:1s;-webkit-animation-delay:0s;animation-duration:1s;animation-delay:0s;\" data-animation=\"slideInRight\" data-duration=\"1\" data-delay=\"0\"><br \/>\n<div class=\"title_code\"><strong>&gt;&gt; <\/strong><strong>Flyers<\/strong> <\/div>\n        <div class=\"content_code\"><\/p>\n<ul>\n<li><a href=\"https:\/\/www.fdss.be\/wp-content\/uploads\/francais-Flyers-Place-a-nos-droits.pdf\">Flyer FR<\/a><\/li>\n<li><a href=\"https:\/\/www.fdss.be\/wp-content\/uploads\/NL-Flyers-Place-a-nos-droits.pdf\">Flyer NL<\/a><\/li>\n<li><a href=\"https:\/\/www.fdss.be\/wp-content\/uploads\/anglais-Flyers-Place-a-nos-droits.pdf\">Flyer anglais<\/a><\/li>\n<li><a href=\"https:\/\/www.fdss.be\/wp-content\/uploads\/Portugais-Flyers-Place-a-nos-droits.pdf\">Flyer portugais<\/a><\/li>\n<li><a href=\"https:\/\/www.fdss.be\/wp-content\/uploads\/espagnol-Flyers-Place-a-nos-droits.pdf\">Flyer espagnol<\/a><\/li>\n<\/ul>\n<h4><\/div><br \/>\n<\/div><\/h4>\n<h3><strong>Contact<\/strong><\/h3>\n<p>Vous souhaitez <strong>participer<\/strong> ou <strong>en savoir plus<\/strong> ?<br \/>\nContactez-nous :<\/p>\n<ul>\n<li>Patricia : <a href=\"&#x6d;a&#x69;&#108;&#x74;&#111;&#x3a;&#x70;a&#x74;&#114;&#x69;&#99;&#x69;&#97;&#46;&#x6b;&#101;&#x6d;&#97;&#x6d;&#98;o&#x40;&#102;&#x64;&#115;&#x73;&#46;b&#x65;\">p&#97;&#116;&#x72;&#x69;&#x63;&#x69;a&#46;&#107;&#101;&#x6d;&#x61;&#x6d;bo&#64;&#102;&#x64;&#x73;&#x73;&#46;b&#101;<\/a> | 0471 96 42 58<\/li>\n<li>Gissela : <a href=\"&#x6d;&#97;i&#x6c;&#x74;&#111;:&#x67;&#x69;&#115;s&#x65;&#x6c;&#97;&#46;&#x63;&#x69;&#102;u&#x65;&#110;&#116;e&#x73;&#64;f&#x64;&#x73;&#115;&#46;&#x62;&#x65;\">&#x67;i&#x73;&#115;&#x65;&#108;&#x61;&#x2e;c&#x69;&#102;&#x75;&#101;&#x6e;&#116;e&#x73;&#64;&#x66;&#100;&#x73;&#115;&#46;&#x62;&#101;<\/a> | 0471 96 42 59<\/li>\n<\/ul>\n<p>&nbsp;<\/p>\n","protected":false},"excerpt":{"rendered":"<p>Entre voisins et associations, nous partageons bien plus qu&rsquo;une adresse ! Vous avez des questions et vous ne savez pas \u00e0 qui vous adresser ? Des id\u00e9es, des craintes, des difficult\u00e9s et envie d\u2019en discuter ? Venez rencontrer les travailleurs et travailleuses sociaux de plusieurs associations du quartier, et discuter de ce qui nous arrive [&hellip;]<\/p>\n","protected":false},"author":4,"featured_media":13649,"comment_status":"open","ping_status":"open","sticky":false,"template":"","format":"standard","meta":{"_acf_changed":false,"footnotes":""},"categories":[159,258],"tags":[],"class_list":["post-13753","post","type-post","status-publish","format-standard","has-post-thumbnail","hentry","category-relais-action-quartier","category-evenement"],"acf":[],"_links":{"self":[{"href":"https:\/\/www.fdss.be\/fr\/wp-json\/wp\/v2\/posts\/13753","targetHints":{"allow":["GET"]}}],"collection":[{"href":"https:\/\/www.fdss.be\/fr\/wp-json\/wp\/v2\/posts"}],"about":[{"href":"https:\/\/www.fdss.be\/fr\/wp-json\/wp\/v2\/types\/post"}],"author":[{"embeddable":true,"href":"https:\/\/www.fdss.be\/fr\/wp-json\/wp\/v2\/users\/4"}],"replies":[{"embeddable":true,"href":"https:\/\/www.fdss.be\/fr\/wp-json\/wp\/v2\/comments?post=13753"}],"version-history":[{"count":5,"href":"https:\/\/www.fdss.be\/fr\/wp-json\/wp\/v2\/posts\/13753\/revisions"}],"predecessor-version":[{"id":13807,"href":"https:\/\/www.fdss.be\/fr\/wp-json\/wp\/v2\/posts\/13753\/revisions\/13807"}],"wp:featuredmedia":[{"embeddable":true,"href":"https:\/\/www.fdss.be\/fr\/wp-json\/wp\/v2\/media\/13649"}],"wp:attachment":[{"href":"https:\/\/www.fdss.be\/fr\/wp-json\/wp\/v2\/media?parent=13753"}],"wp:term":[{"taxonomy":"category","embeddable":true,"href":"https:\/\/www.fdss.be\/fr\/wp-json\/wp\/v2\/categories?post=13753"},{"taxonomy":"post_tag","embeddable":true,"href":"https:\/\/www.fdss.be\/fr\/wp-json\/wp\/v2\/tags?post=13753"}],"curies":[{"name":"wp","href":"https:\/\/api.w.org\/{rel}","templated":true}]}}