{"id":13663,"date":"2025-08-07T11:04:18","date_gmt":"2025-08-07T09:04:18","guid":{"rendered":"https:\/\/www.fdss.be\/?p=13663"},"modified":"2025-08-07T11:04:18","modified_gmt":"2025-08-07T09:04:18","slug":"revue-dactualites-juillet-2025","status":"publish","type":"post","link":"https:\/\/www.fdss.be\/fr\/revue-dactualites-juillet-2025\/","title":{"rendered":"Revue d&rsquo;actualit\u00e9s | Juillet 2025"},"content":{"rendered":"<p><strong>&#8211; FdSS &#8211;<\/strong><\/p>\n<ul>\n<li><a href=\"https:\/\/www.rtl.be\/actu\/belgique\/societe\/exclusion-du-chomage-apres-2-ans-cette-representante-des-services-sociaux\/2025-07-08\/article\/755764\">Exclusion du ch\u00f4mage apr\u00e8s 2 ans : cette repr\u00e9sentante des services sociaux associatifs fulmine, \u00ab ils ne sont \u00e9videmment pas arm\u00e9s, \u00e7a va trop vite \u00bb<\/a> (L\u2019Invit\u00e9 RTL \u2013 Intervention de C\u00e9line)<\/li>\n<\/ul>\n<p><strong>&#8211; Cartes blanches &#8211;<\/strong><\/p>\n<ul>\n<li>Aide Alimentaire\n<ul>\n<li><a href=\"https:\/\/www.rtbf.be\/article\/carte-blanche-aide-alimentaire-l-approvisionnement-en-chute-libre-1-3-de-budget-en-moins-pour-2026-11570515\">\u00ab\u00a0Aberration totale\u00a0\u00bb : des dizaines d&rsquo;associations actives dans l&rsquo;aide alimentaire alertent sur la r\u00e9duction d&rsquo;un tiers de leur budget<\/a> (RTBF)<\/li>\n<li><a href=\"https:\/\/www.dhnet.be\/dernieres-depeches\/2025\/07\/01\/les-acteurs-de-laide-alimentaire-alertent-sur-la-baisse-de-leur-budget-IYXBWV7GVFHWLNFRTWWMY2KX7A\/\">Les acteurs de l&rsquo;aide alimentaire alertent sur la baisse de leur budget<\/a> (DH)<\/li>\n<li><a href=\"https:\/\/www.lesoir.be\/685258\/article\/2025-07-01\/les-restos-du-coeur-crient-famine-au-politique\">Les Restos du c\u0153ur crient famine au politique<\/a> (Le Soir)<\/li>\n<\/ul>\n<\/li>\n<\/ul>\n<ul>\n<li>Energie\n<ul>\n<li><a href=\"https:\/\/www.lalibre.be\/debats\/opinions\/2025\/07\/31\/le-logement-bruxellois-necessite-une-politique-energetique-plus-sociale-DIMQ7MXR6JHO3KAZV5ZGJMI4XI\/\">Le logement bruxellois n\u00e9cessite une politique \u00e9nerg\u00e9tique plus sociale<\/a> (La Libre)<\/li>\n<li><a href=\"https:\/\/www.fdss.be\/wp-content\/uploads\/Carte-Blanche-juillet-2025-Le-droit-au-lgt-nest-pas-a-vendre.pdf\">Bruxelles : Le droit au logement n\u2019est pas \u00e0 vendre &#8211; Carte Blanche du Rassemblement bruxellois pour le droit \u00e0 l\u2019habitat<\/a> (RBDH)<\/li>\n<\/ul>\n<\/li>\n<\/ul>\n<p><strong>&#8211; Familles Mono &#8211;<\/strong><\/p>\n<ul>\n<li><a href=\"https:\/\/auvio.rtbf.be\/media\/l-invite-de-matin-premiere-merlin-gevers-charge-de-projet-a-la-ligue-des-familles-3359982?fbclid=IwY2xjawLcYJFleHRuA2FlbQIxMQBicmlkETA2SjhLQ1gwRU5UcUxGMzZRAR70blgiJABCv3jPSAVi0dAI_NWLiIDTeRXmDghl1gize_ZdGBx9AektQzjhFw_aem_P_Z7zfVXcZyN9luGdtFnXA\">Merlin Gevers, charg\u00e9 de projet \u00e0 la Ligue des Familles<\/a> (RTBF)<\/li>\n<\/ul>\n","protected":false},"excerpt":{"rendered":"<p>&#8211; FdSS &#8211; Exclusion du ch\u00f4mage apr\u00e8s 2 ans : cette repr\u00e9sentante des services sociaux associatifs fulmine, \u00ab ils ne sont \u00e9videmment pas arm\u00e9s, \u00e7a va trop vite \u00bb (L\u2019Invit\u00e9 RTL \u2013 Intervention de C\u00e9line) &#8211; Cartes blanches &#8211; Aide Alimentaire \u00ab\u00a0Aberration totale\u00a0\u00bb : des dizaines d&rsquo;associations actives dans l&rsquo;aide alimentaire alertent sur la r\u00e9duction [&hellip;]<\/p>\n","protected":false},"author":4,"featured_media":12747,"comment_status":"open","ping_status":"open","sticky":false,"template":"","format":"standard","meta":{"_acf_changed":false,"footnotes":""},"categories":[1],"tags":[],"class_list":["post-13663","post","type-post","status-publish","format-standard","has-post-thumbnail","hentry","category-fdss"],"acf":[],"_links":{"self":[{"href":"https:\/\/www.fdss.be\/fr\/wp-json\/wp\/v2\/posts\/13663","targetHints":{"allow":["GET"]}}],"collection":[{"href":"https:\/\/www.fdss.be\/fr\/wp-json\/wp\/v2\/posts"}],"about":[{"href":"https:\/\/www.fdss.be\/fr\/wp-json\/wp\/v2\/types\/post"}],"author":[{"embeddable":true,"href":"https:\/\/www.fdss.be\/fr\/wp-json\/wp\/v2\/users\/4"}],"replies":[{"embeddable":true,"href":"https:\/\/www.fdss.be\/fr\/wp-json\/wp\/v2\/comments?post=13663"}],"version-history":[{"count":1,"href":"https:\/\/www.fdss.be\/fr\/wp-json\/wp\/v2\/posts\/13663\/revisions"}],"predecessor-version":[{"id":13664,"href":"https:\/\/www.fdss.be\/fr\/wp-json\/wp\/v2\/posts\/13663\/revisions\/13664"}],"wp:featuredmedia":[{"embeddable":true,"href":"https:\/\/www.fdss.be\/fr\/wp-json\/wp\/v2\/media\/12747"}],"wp:attachment":[{"href":"https:\/\/www.fdss.be\/fr\/wp-json\/wp\/v2\/media?parent=13663"}],"wp:term":[{"taxonomy":"category","embeddable":true,"href":"https:\/\/www.fdss.be\/fr\/wp-json\/wp\/v2\/categories?post=13663"},{"taxonomy":"post_tag","embeddable":true,"href":"https:\/\/www.fdss.be\/fr\/wp-json\/wp\/v2\/tags?post=13663"}],"curies":[{"name":"wp","href":"https:\/\/api.w.org\/{rel}","templated":true}]}}