{"id":12842,"date":"2025-03-06T10:53:43","date_gmt":"2025-03-06T09:53:43","guid":{"rendered":"https:\/\/www.fdss.be\/?p=12842"},"modified":"2025-04-07T16:19:09","modified_gmt":"2025-04-07T14:19:09","slug":"revue-dactualites-fevrier-2025","status":"publish","type":"post","link":"https:\/\/www.fdss.be\/fr\/revue-dactualites-fevrier-2025\/","title":{"rendered":"Revue d&rsquo;actualit\u00e9s | F\u00e9vrier 2025"},"content":{"rendered":"<p><strong>&#8211; FdSS-<\/strong><\/p>\n<ul>\n<li><a href=\"https:\/\/www.lesoir.be\/653877\/article\/2025-02-07\/bruxelles-peut-faire-mieux-que-couper-les-allocations-de-chomage-apres-2-ans\">Bruxelles peut faire mieux que couper les allocations de ch\u00f4mage apr\u00e8s 2 ans<\/a> (Carte blanche, RTBF)<\/li>\n<li><a href=\"https:\/\/www.facebook.com\/FdSSFdSSb\/videos\/1938198073370782\">Vid\u00e9o de la mobilisation du 13 f\u00e9vrier<\/a> (vid\u00e9o Facebook)<\/li>\n<\/ul>\n<p><strong>&#8211; Familles Mono-<\/strong><\/p>\n<ul>\n<li><a href=\"https:\/\/www.youtube.com\/watch?v=Z-UpR_r5Nsk\">\u00ab Cordons \u00bb une expo pour tisser du lien entre mamans solos<\/a> (Centre d\u2019Action La\u00efque)<\/li>\n<li><a href=\"https:\/\/www.youtube.com\/watch?v=U1aiy-Ep520&amp;t=1s\">Mamans solos, r\u00e9cits de vie<\/a> (Emission \u00ab\u00a0En qu\u00eate de sens\u00a0\u00bb intervention de Lotte &#8211; Centre d\u2019Action La\u00efque)<\/li>\n<li><a href=\"https:\/\/questionsante.org\/nos-productions\/promotion-de-la-sante\/bruxelles-sante\/dossiers-thematique\/\" target=\"_blank\" rel=\"noopener\">Genre en social-sant\u00e9\u2009: quelle prise en compte\u2009?<\/a> (Dossier Question Sant\u00e9, p.34-40)<\/li>\n<li><a href=\"https:\/\/www.rtbf.be\/article\/exposition-cordons-grand-angle-sur-la-precarite-des-meres-monoparentales-11504146\">Exposition Cordons : grand angle sur la pr\u00e9carit\u00e9 des m\u00e8res monoparentales<\/a> (RTBF Les Grenades)<\/li>\n<li><a href=\"https:\/\/www.rcf.fr\/articles\/actualite\/mamans-solo-en-belgique-leur-realite-capturee-a-travers-lobjectif-de-christophe?fbclid=IwY2xjawIazjVleHRuA2FlbQIxMQABHXys596wn3qA1snkL0gXjpUntyGGwBEhhQJ4dA33fZm1NKoVS91GGAIBDw_aem_dGsyFe5u5R68rlaRxHpIEg\">Mamans solos en Belgique : leur r\u00e9alit\u00e9 captur\u00e9e \u00e0 travers l&rsquo;objectif de Christophe Smets dans Cordons<\/a> (RCF Radio)<\/li>\n<li><a href=\"https:\/\/auvio.rtbf.be\/media\/week-end-premiere-les-invites-3309832\">Les invit\u00e9s\u00a0: Christophe Smets, photographe, et St\u00e9phanie Gribomont, coordinatrice du Centre d&rsquo;Appui Familles Monoparentales<\/a> (RTBF Auvio) \u2013 Emission enti\u00e8re \u00e0 partir 1h28\u201940\u2019\u2019\u00a0: <a href=\"https:\/\/auvio.rtbf.be\/media\/week-end-premiere-week-end-premiere-3309831\">Week-end Premi\u00e8re<\/a><\/li>\n<\/ul>\n<p><strong>&#8211; Aide Alimentaire-<\/strong><\/p>\n<ul>\n<li><a href=\"https:\/\/www.espace-environnement.be\/la-federation-des-services-sociaux-et-espace-environnement-echangent-sur-lapproche-des-publics-en-situation-de-precarite\/\">La F\u00e9d\u00e9ration des Services Sociaux et Espace Environnement \u00e9changent sur l\u2019approche des publics en situation de pr\u00e9carit\u00e9 (<\/a>Espace Environnement)<\/li>\n<\/ul>\n<p><strong>&#8211; RAQ &#8211;<\/strong><\/p>\n<ul>\n<li><a href=\"https:\/\/www.lavenir.net\/regions\/bruxelles\/bruxelles\/2025\/02\/17\/dans-le-quartier-de-la-querelle-a-bruxelles-les-jeunes-construisent-eux-memes-les-bancs-les-mamans-ont-mal-au-dos-alors-elles-se-posent-JZNCRCAUWNA23DUETYQSO5W2P4\/\">Dans le quartier de La Querelle \u00e0 Bruxelles, les jeunes construisent eux-m\u00eames les bancs : \u00ab\u00a0Les mamans ont mal au dos alors elles se posent\u00a0\u00bb<\/a> (Vers l\u2019Avenir)<\/li>\n<\/ul>\n<p><strong>&#8211; Secteur &#8211;<\/strong><\/p>\n<ul>\n<li><a href=\"https:\/\/pro.guidesocial.be\/articles\/carte-blanche\/article\/travailler-le-social-dans-un-contexte-d-extreme-droitisation?fbclid=IwY2xjawI2RpZleHRuA2FlbQIxMAABHSz3dpnDPONKXOwQ98SLo_rADd2HFRaMNp7qs3juke5zQv8xqd3MDJ4lew_aem_RV0cF1vdwI9gdV3P5SdKcg\">Travailler le social dans un contexte d\u2019extr\u00eame-droitisation ?<\/a> (Carte blanche, le Guide Social)<\/li>\n<li><a href=\"https:\/\/pro.guidesocial.be\/articles\/echos-du-terrain\/article\/imaginez-une-belgique-sans-travailleurs-sociaux\">Imaginez\u2026 une Belgique sans travailleurs sociaux<\/a> (Le Guide Social)<\/li>\n<li><a href=\"https:\/\/www.facebook.com\/photo?fbid=945485844376174&amp;set=a.494397862818310\">Le Foodtruck Solidaire fait un appel \u00e0 b\u00e9n\u00e9voles pour sa communication<\/a> (publication Facebook)<\/li>\n<\/ul>\n","protected":false},"excerpt":{"rendered":"<p>&#8211; FdSS- Bruxelles peut faire mieux que couper les allocations de ch\u00f4mage apr\u00e8s 2 ans (Carte blanche, RTBF) Vid\u00e9o de la mobilisation du 13 f\u00e9vrier (vid\u00e9o Facebook) &#8211; Familles Mono- \u00ab Cordons \u00bb une expo pour tisser du lien entre mamans solos (Centre d\u2019Action La\u00efque) Mamans solos, r\u00e9cits de vie (Emission \u00ab\u00a0En qu\u00eate de sens\u00a0\u00bb [&hellip;]<\/p>\n","protected":false},"author":4,"featured_media":12747,"comment_status":"open","ping_status":"open","sticky":false,"template":"","format":"standard","meta":{"_acf_changed":false,"footnotes":""},"categories":[1],"tags":[],"class_list":["post-12842","post","type-post","status-publish","format-standard","has-post-thumbnail","hentry","category-fdss"],"acf":[],"_links":{"self":[{"href":"https:\/\/www.fdss.be\/fr\/wp-json\/wp\/v2\/posts\/12842","targetHints":{"allow":["GET"]}}],"collection":[{"href":"https:\/\/www.fdss.be\/fr\/wp-json\/wp\/v2\/posts"}],"about":[{"href":"https:\/\/www.fdss.be\/fr\/wp-json\/wp\/v2\/types\/post"}],"author":[{"embeddable":true,"href":"https:\/\/www.fdss.be\/fr\/wp-json\/wp\/v2\/users\/4"}],"replies":[{"embeddable":true,"href":"https:\/\/www.fdss.be\/fr\/wp-json\/wp\/v2\/comments?post=12842"}],"version-history":[{"count":3,"href":"https:\/\/www.fdss.be\/fr\/wp-json\/wp\/v2\/posts\/12842\/revisions"}],"predecessor-version":[{"id":13044,"href":"https:\/\/www.fdss.be\/fr\/wp-json\/wp\/v2\/posts\/12842\/revisions\/13044"}],"wp:featuredmedia":[{"embeddable":true,"href":"https:\/\/www.fdss.be\/fr\/wp-json\/wp\/v2\/media\/12747"}],"wp:attachment":[{"href":"https:\/\/www.fdss.be\/fr\/wp-json\/wp\/v2\/media?parent=12842"}],"wp:term":[{"taxonomy":"category","embeddable":true,"href":"https:\/\/www.fdss.be\/fr\/wp-json\/wp\/v2\/categories?post=12842"},{"taxonomy":"post_tag","embeddable":true,"href":"https:\/\/www.fdss.be\/fr\/wp-json\/wp\/v2\/tags?post=12842"}],"curies":[{"name":"wp","href":"https:\/\/api.w.org\/{rel}","templated":true}]}}