{"id":10722,"date":"2024-02-12T16:44:08","date_gmt":"2024-02-12T15:44:08","guid":{"rendered":"https:\/\/www.fdss.be\/?p=10722"},"modified":"2024-02-19T10:01:14","modified_gmt":"2024-02-19T09:01:14","slug":"memorandum-de-la-federation-des-services-sociaux-elections-2024","status":"publish","type":"post","link":"https:\/\/www.fdss.be\/fr\/memorandum-de-la-federation-des-services-sociaux-elections-2024\/","title":{"rendered":"M\u00e9morandum de la F\u00e9d\u00e9ration des Services Sociaux \u2013 \u00e9lections 2024"},"content":{"rendered":"<p><strong>Le fil rouge de ce m\u00e9morandum ?<\/strong><\/p>\n<p>A partir de nos axes de travail (travail social, pr\u00e9carit\u00e9, acc\u00e8s aux droits fondamentaux et plus sp\u00e9cifiquement l\u2019acc\u00e8s \u00e0 l\u2019alimentation, \u00e0 l\u2019\u00e9nergie et \u00e0 l\u2019eau), nous avons d\u00e9gag\u00e9 des th\u00e9matiques transversales et des th\u00e9matiques sp\u00e9cifiques :<\/p>\n<ul>\n<li>placer les in\u00e9galit\u00e9s au centre de la question environnementale ;<\/li>\n<li>relever les minimas sociaux et les bas salaires ;<\/li>\n<li>lutter efficacement contre la sous-protection sociale ;<\/li>\n<li>rendre l\u2019acc\u00e8s aux droits fondamentaux effectif pour tou\u00b7te\u00b7s (l\u2019\u00e9nergie et l\u2019eau \u2013 une alimentation de qualit\u00e9) ;<\/li>\n<li>renforcer les services de premi\u00e8re ligne<\/li>\n<\/ul>\n<p><a class=\"button\" href=\"https:\/\/www.fdss.be\/wp-content\/uploads\/23-63-FdSSmemorandum_05.pdf\" target=\"_blank\" rel=\"noopener\">Lire le m\u00e9morandum<\/a><\/p>\n","protected":false},"excerpt":{"rendered":"<p>Le fil rouge de ce m\u00e9morandum ? A partir de nos axes de travail (travail social, pr\u00e9carit\u00e9, acc\u00e8s aux droits fondamentaux et plus sp\u00e9cifiquement l\u2019acc\u00e8s \u00e0 l\u2019alimentation, \u00e0 l\u2019\u00e9nergie et \u00e0 l\u2019eau), nous avons d\u00e9gag\u00e9 des th\u00e9matiques transversales et des th\u00e9matiques sp\u00e9cifiques : placer les in\u00e9galit\u00e9s au centre de la question environnementale ; relever les [&hellip;]<\/p>\n","protected":false},"author":4,"featured_media":10759,"comment_status":"open","ping_status":"open","sticky":false,"template":"","format":"standard","meta":{"_acf_changed":false,"footnotes":""},"categories":[1],"tags":[],"class_list":["post-10722","post","type-post","status-publish","format-standard","has-post-thumbnail","hentry","category-fdss"],"acf":[],"_links":{"self":[{"href":"https:\/\/www.fdss.be\/fr\/wp-json\/wp\/v2\/posts\/10722","targetHints":{"allow":["GET"]}}],"collection":[{"href":"https:\/\/www.fdss.be\/fr\/wp-json\/wp\/v2\/posts"}],"about":[{"href":"https:\/\/www.fdss.be\/fr\/wp-json\/wp\/v2\/types\/post"}],"author":[{"embeddable":true,"href":"https:\/\/www.fdss.be\/fr\/wp-json\/wp\/v2\/users\/4"}],"replies":[{"embeddable":true,"href":"https:\/\/www.fdss.be\/fr\/wp-json\/wp\/v2\/comments?post=10722"}],"version-history":[{"count":1,"href":"https:\/\/www.fdss.be\/fr\/wp-json\/wp\/v2\/posts\/10722\/revisions"}],"predecessor-version":[{"id":10723,"href":"https:\/\/www.fdss.be\/fr\/wp-json\/wp\/v2\/posts\/10722\/revisions\/10723"}],"wp:featuredmedia":[{"embeddable":true,"href":"https:\/\/www.fdss.be\/fr\/wp-json\/wp\/v2\/media\/10759"}],"wp:attachment":[{"href":"https:\/\/www.fdss.be\/fr\/wp-json\/wp\/v2\/media?parent=10722"}],"wp:term":[{"taxonomy":"category","embeddable":true,"href":"https:\/\/www.fdss.be\/fr\/wp-json\/wp\/v2\/categories?post=10722"},{"taxonomy":"post_tag","embeddable":true,"href":"https:\/\/www.fdss.be\/fr\/wp-json\/wp\/v2\/tags?post=10722"}],"curies":[{"name":"wp","href":"https:\/\/api.w.org\/{rel}","templated":true}]}}