{"id":10718,"date":"2024-02-12T16:42:21","date_gmt":"2024-02-12T15:42:21","guid":{"rendered":"https:\/\/www.fdss.be\/?p=10718"},"modified":"2024-02-12T16:48:04","modified_gmt":"2024-02-12T15:48:04","slug":"memorandum-federal-vers-un-droit-a-lenergie-et-a-leau-pour-toutes-et-tous-elections-2024","status":"publish","type":"post","link":"https:\/\/www.fdss.be\/fr\/memorandum-federal-vers-un-droit-a-lenergie-et-a-leau-pour-toutes-et-tous-elections-2024\/","title":{"rendered":"M\u00e9morandum f\u00e9d\u00e9ral \u2013 Vers un droit \u00e0 l\u2019\u00e9nergie et \u00e0 l\u2019eau pour toutes et tous \u2013 \u00c9lections 2024"},"content":{"rendered":"<p>L\u2019acc\u00e8s \u00e0 l\u2019\u00e9nergie et \u00e0 l\u2019eau est un <strong>besoin et un droit fondamental<\/strong> qu\u2019il faut garantir pour toutes et tous.<br \/>\nConform\u00e9ment aux principes du respect de la dignit\u00e9 humaine, toute personne a le droit de disposer du gaz et de l\u2019\u00e9lectricit\u00e9 et de l\u2019eau n\u00e9cessaires \u00e0 la satisfaction de ses besoins vitaux comme \u00e0 sa participation \u00e0 la vie en soci\u00e9t\u00e9.<\/p>\n<p>Pourtant, en Belgique (selon les donn\u00e9es de 2021, avant la crise des prix de l\u2019\u00e9nergie) :<br \/>\n\u2022 1 m\u00e9nage sur 4 est en situation de pr\u00e9carit\u00e9 \u00e9nerg\u00e9tique.<br \/>\n\u2022 1 m\u00e9nage sur 5 est en situation de pr\u00e9carit\u00e9 hydrique.<\/p>\n<p>Voici <strong>6<\/strong> propositions simples, \u00e9manant des <strong>acteurs de terrain<\/strong>, pour <strong>renforcer les protections <\/strong><strong>existantes<\/strong> et <strong>mettre fin \u00e0 ce paradoxe<\/strong>.<\/p>\n<p><a class=\"button\" href=\"https:\/\/www.fdss.be\/wp-content\/uploads\/230629_Memorandum-federal-CGEE.pdf\" target=\"_blank\" rel=\"noopener\">Lire le m\u00e9morandum<\/a><\/p>\n","protected":false},"excerpt":{"rendered":"<p>L\u2019acc\u00e8s \u00e0 l\u2019\u00e9nergie et \u00e0 l\u2019eau est un besoin et un droit fondamental qu\u2019il faut garantir pour toutes et tous. Conform\u00e9ment aux principes du respect de la dignit\u00e9 humaine, toute personne a le droit de disposer du gaz et de l\u2019\u00e9lectricit\u00e9 et de l\u2019eau n\u00e9cessaires \u00e0 la satisfaction de ses besoins vitaux comme \u00e0 sa [&hellip;]<\/p>\n","protected":false},"author":4,"featured_media":10719,"comment_status":"open","ping_status":"open","sticky":false,"template":"","format":"standard","meta":{"_acf_changed":false,"footnotes":""},"categories":[1],"tags":[],"class_list":["post-10718","post","type-post","status-publish","format-standard","has-post-thumbnail","hentry","category-fdss"],"acf":[],"_links":{"self":[{"href":"https:\/\/www.fdss.be\/fr\/wp-json\/wp\/v2\/posts\/10718","targetHints":{"allow":["GET"]}}],"collection":[{"href":"https:\/\/www.fdss.be\/fr\/wp-json\/wp\/v2\/posts"}],"about":[{"href":"https:\/\/www.fdss.be\/fr\/wp-json\/wp\/v2\/types\/post"}],"author":[{"embeddable":true,"href":"https:\/\/www.fdss.be\/fr\/wp-json\/wp\/v2\/users\/4"}],"replies":[{"embeddable":true,"href":"https:\/\/www.fdss.be\/fr\/wp-json\/wp\/v2\/comments?post=10718"}],"version-history":[{"count":3,"href":"https:\/\/www.fdss.be\/fr\/wp-json\/wp\/v2\/posts\/10718\/revisions"}],"predecessor-version":[{"id":10724,"href":"https:\/\/www.fdss.be\/fr\/wp-json\/wp\/v2\/posts\/10718\/revisions\/10724"}],"wp:featuredmedia":[{"embeddable":true,"href":"https:\/\/www.fdss.be\/fr\/wp-json\/wp\/v2\/media\/10719"}],"wp:attachment":[{"href":"https:\/\/www.fdss.be\/fr\/wp-json\/wp\/v2\/media?parent=10718"}],"wp:term":[{"taxonomy":"category","embeddable":true,"href":"https:\/\/www.fdss.be\/fr\/wp-json\/wp\/v2\/categories?post=10718"},{"taxonomy":"post_tag","embeddable":true,"href":"https:\/\/www.fdss.be\/fr\/wp-json\/wp\/v2\/tags?post=10718"}],"curies":[{"name":"wp","href":"https:\/\/api.w.org\/{rel}","templated":true}]}}