{"id":10716,"date":"2024-02-12T16:38:42","date_gmt":"2024-02-12T15:38:42","guid":{"rendered":"https:\/\/www.fdss.be\/?p=10716"},"modified":"2024-02-12T16:38:42","modified_gmt":"2024-02-12T15:38:42","slug":"memorandum-2024-de-la-concertation-aide-alimentaire","status":"publish","type":"post","link":"https:\/\/www.fdss.be\/fr\/memorandum-2024-de-la-concertation-aide-alimentaire\/","title":{"rendered":"M\u00e9morandum 2024 de la Concertation Aide alimentaire"},"content":{"rendered":"<h2><strong>M\u00e9morandum de la Concertation Aide alimentaire: \u00ab\u00a0Pour un acc\u00e8s \u00e0 une alimentation de qualit\u00e9 pour tout\u2022es\u00a0\u00bb<\/strong><\/h2>\n<p><strong>La Concertation de l\u2019Aide Alimentaire (CAA) revendique la mise en \u0153uvre effective du droit fondamental \u00e0 l\u2019alimentation au travers de la publication d\u2019un m\u00e9morandum en vue des \u00e9lections de 2024 : <a href=\"https:\/\/www.fdss.be\/wp-content\/uploads\/2023_COM_Memorandum-CAA-2024_VF-1.pdf\" target=\"_blank\" rel=\"noopener\">consultez le m\u00e9morandum<\/a><\/strong><\/p>\n<p>C\u2019est paradoxalement au sein d\u2019une soci\u00e9t\u00e9 d\u2019abondance que l\u2019ins\u00e9curit\u00e9 alimentaire ne cesse de croitre. Aujourd\u2019hui, l\u2019aide alimentaire constitue la r\u00e9ponse principale pour subvenir aux besoins vitaux des personnes les plus vuln\u00e9rables en Belgique. Cependant, cette aide ne permet pas de concr\u00e9tiser le Droit \u00e0 l\u2019Alimentation, un droit humain essentiel\u00a0!<\/p>\n<p>En quelques chiffres, la CAA estime que\u00a0:<\/p>\n<ul>\n<li>Plus de<strong> 600\u2009000 <\/strong>personnes ont recours \u00e0 l\u2019aide alimentaire en Belgique\u00a0;<\/li>\n<li>Plus de <strong>90\u2009000<\/strong> de ces personnes habitent en R\u00e9gion Bruxelles-Capitale\u00a0;<\/li>\n<li>Un peu moins de <strong>300\u2009000<\/strong> de ces personnes vivent en Wallonie.<\/li>\n<\/ul>\n<p>Cela repr\u00e9sente une hausse d\u2019environ 30 % par rapport \u00e0 la situation d\u2019avant les crises qui se sont succ\u00e9d\u00e9 ces derni\u00e8res ann\u00e9es.<\/p>\n<p>Les organisations d\u2019aide alimentaire sont, elles aussi, confront\u00e9es \u00e0 des difficult\u00e9s grandissantes. Fonctionnant essentiellement sur base de b\u00e9n\u00e9volat, elles doivent faire face \u00e0 des demandes d\u2019aide toujours plus nombreuses alors que leurs sources d\u2019approvisionnement s\u2019amenuisent. La mise en place d\u2019un syst\u00e8me alimentaire durable et inclusif est n\u00e9cessaire.<\/p>\n<p>Par le biais de deux axes, la CAA a formul\u00e9 six revendications dans un m\u00e9morandum qui d\u00e9coule de son travail de concertation avec les organisations d\u2019aide alimentaire. Chacune de ces revendications est ponctu\u00e9e de propositions et de mesures sp\u00e9cifiques\u00a0:<\/p>\n<p><strong>AXE I \u2013 R\u00e9pondre \u00e0 l\u2019urgence par une aide alimentaire de qualit\u00e9<\/strong><\/p>\n<ol>\n<li>Lutter contre le non-recours et tendre vers l\u2019inconditionnalit\u00e9 de l\u2019aide alimentaire<\/li>\n<li>Proposer des aides suffisantes, de qualit\u00e9 et adapt\u00e9es aux situations des personnes<\/li>\n<li>Am\u00e9liorer l\u2019approvisionnement et la logistique des organisations de l\u2019aide alimentaire<\/li>\n<\/ol>\n<p><strong>AXE II \u2013 Concr\u00e9tiser le droit \u00e0 l\u2019alimentation en garantissant un acc\u00e8s \u00e0 une alimentation de qualit\u00e9 pour tou\u00b7te\u00b7s<\/strong><\/p>\n<ol>\n<li>Penser l\u2019alimentation comme une ressource essentielle, dont une part pourrait \u00eatre g\u00e9r\u00e9e par les communaut\u00e9s et\/ou par les pouvoirs publics.<\/li>\n<li>Mettre en place des cantines gratuites fournissant des repas de haute qualit\u00e9 issus de fili\u00e8res locales dans les cr\u00e8ches et tous les \u00e9tablissements d\u2019enseignement en Belgique francophone<\/li>\n<li>Soutenir la recherche, le d\u00e9veloppement et l\u2019\u00e9valuation de projets concrets visant \u00e0 rendre effectif le droit \u00e0 l\u2019alimentation<\/li>\n<\/ol>\n<p><a class=\"button\" href=\"https:\/\/www.fdss.be\/wp-content\/uploads\/2023_COM_Memorandum-CAA-2024_VF-1.pdf\" target=\"_blank\" rel=\"noopener\">Lire le m\u00e9morandum<\/a><\/p>\n","protected":false},"excerpt":{"rendered":"<p>M\u00e9morandum de la Concertation Aide alimentaire: \u00ab\u00a0Pour un acc\u00e8s \u00e0 une alimentation de qualit\u00e9 pour tout\u2022es\u00a0\u00bb La Concertation de l\u2019Aide Alimentaire (CAA) revendique la mise en \u0153uvre effective du droit fondamental \u00e0 l\u2019alimentation au travers de la publication d\u2019un m\u00e9morandum en vue des \u00e9lections de 2024 : consultez le m\u00e9morandum C\u2019est paradoxalement au sein d\u2019une [&hellip;]<\/p>\n","protected":false},"author":4,"featured_media":9848,"comment_status":"open","ping_status":"open","sticky":false,"template":"","format":"standard","meta":{"_acf_changed":false,"footnotes":""},"categories":[1],"tags":[],"class_list":["post-10716","post","type-post","status-publish","format-standard","has-post-thumbnail","hentry","category-fdss"],"acf":[],"_links":{"self":[{"href":"https:\/\/www.fdss.be\/fr\/wp-json\/wp\/v2\/posts\/10716","targetHints":{"allow":["GET"]}}],"collection":[{"href":"https:\/\/www.fdss.be\/fr\/wp-json\/wp\/v2\/posts"}],"about":[{"href":"https:\/\/www.fdss.be\/fr\/wp-json\/wp\/v2\/types\/post"}],"author":[{"embeddable":true,"href":"https:\/\/www.fdss.be\/fr\/wp-json\/wp\/v2\/users\/4"}],"replies":[{"embeddable":true,"href":"https:\/\/www.fdss.be\/fr\/wp-json\/wp\/v2\/comments?post=10716"}],"version-history":[{"count":1,"href":"https:\/\/www.fdss.be\/fr\/wp-json\/wp\/v2\/posts\/10716\/revisions"}],"predecessor-version":[{"id":10717,"href":"https:\/\/www.fdss.be\/fr\/wp-json\/wp\/v2\/posts\/10716\/revisions\/10717"}],"wp:featuredmedia":[{"embeddable":true,"href":"https:\/\/www.fdss.be\/fr\/wp-json\/wp\/v2\/media\/9848"}],"wp:attachment":[{"href":"https:\/\/www.fdss.be\/fr\/wp-json\/wp\/v2\/media?parent=10716"}],"wp:term":[{"taxonomy":"category","embeddable":true,"href":"https:\/\/www.fdss.be\/fr\/wp-json\/wp\/v2\/categories?post=10716"},{"taxonomy":"post_tag","embeddable":true,"href":"https:\/\/www.fdss.be\/fr\/wp-json\/wp\/v2\/tags?post=10716"}],"curies":[{"name":"wp","href":"https:\/\/api.w.org\/{rel}","templated":true}]}}