{"id":1,"date":"2018-07-27T10:48:03","date_gmt":"2018-07-27T08:48:03","guid":{"rendered":"http:\/\/ry0xytcrk.preview.infomaniak.website\/?p=1"},"modified":"2022-02-03T14:31:12","modified_gmt":"2022-02-03T13:31:12","slug":"bonjour-tout-le-monde","status":"publish","type":"post","link":"https:\/\/www.fdss.be\/fr\/bonjour-tout-le-monde\/","title":{"rendered":"Carte blanche : Bien manger, un luxe de nos jours !"},"content":{"rendered":"<h2>Vaincre la pauvret\u00e9 est un choix de soci\u00e9t\u00e9<\/h2>\n<p>En Belgique pr\u00e8s de 450.000 personnes (4% de la population) n\u00e9cessitent une aide alimentaire pour s\u2019en sortir. Il y a quelques mois, \u00e0 Bruxelles, plus de 4.000 personnes vivaient sans logement personnel, en rue, en centre d\u2019h\u00e9bergement d\u2019urgence ou en squat.[1]\n<p>Face \u00e0 l\u2019augmentation de la grande pr\u00e9carit\u00e9, nos organisations sont engag\u00e9es dans un combat quotidien contre l\u2019exclusion.<\/p>\n<p>Les situations de pr\u00e9carit\u00e9 que connaissent nos publics se caract\u00e9risent par des probl\u00e8mes multiples, souvent enchev\u00eatr\u00e9s, tels que l\u2019absence de logement, la rupture humaine, sociale et familiale, les violences intrafamiliales, les errances urbaines, administratives et financi\u00e8res, l\u2019inassouvissement de besoins physiologiques de base\u2026<\/p>\n<p>Au quotidien, nous pouvons \u00eatre fiers de parvenir \u00e0 maintenir nos actions, malgr\u00e9 les difficult\u00e9s qui sont les n\u00f4tres. Parce que, pour l\u2019heure, travailler dans le secteur de la lutte contre la pr\u00e9carit\u00e9, en ce compris au niveau de l\u2019action alimentaire, implique bien trop souvent d\u2019avoir \u00e0 lutter contre notre propre pr\u00e9carit\u00e9. D\u2019ann\u00e9e en ann\u00e9e, le combat revient \u00e0 trouver le souffle n\u00e9cessaire pour soigner notre propre subsistance associative. De faibles moyens m\u00e8nent \u00e0 devoir bricoler l\u2019aliment, \u00e0 tricoter nos fonctionnements de sorte \u00e0 maintenir coh\u00e9rente, dans le temps, notre action.<\/p>\n<p>Mais pour que cette consistance trouve sa place dans l\u2019esprit et l\u2019estomac de notre public b\u00e9n\u00e9ficiaire, une prise en compte vigoureuse de la situation et un appui r\u00e9el aux acteurs de premi\u00e8re ligne sont indispensables. Car, au-del\u00e0 de l\u2019aide alimentaire de qualit\u00e9, nos organisations consacrent leur temps \u00e0 l\u2019humain. Elles se veulent \u00eatre des lieux de rencontre, des lieux de liens, des lieux de vie. Mais prendre soin de son public implique avant cela d\u2019\u00eatre en mesure de pouvoir prendre soin de soi. Cela passe par des moyens humains et mat\u00e9riels, par du qualitatif et du quantitatif concrets, de l\u2019assiette \u00e0 l\u2019associatif, en passant par l\u2019assistance sociale.<\/p>\n<p>Le b\u00e9n\u00e9volat, cette volont\u00e9 citoyenne de bien faire, bien qu\u2019elle s\u2019imbrique quotidiennement en nos murs, et que nos structures s\u2019en trouvent pleinement b\u00e9n\u00e9ficiaires, jusqu\u2019\u00e0 l\u2019adaptation m\u00eame de nos actions, n\u2019est aucunement une r\u00e9ponse p\u00e9renne \u00e0 notre fonctionnement. Il s\u2019agit l\u00e0 d\u2019une adaptation de plus. Le recours \u00e0 des travailleurs sous contrat article 60, sous convention d\u2019insertion socio-professionnelle avec les CPAS, offre une r\u00e9ponse partielle au besoin en personnel, mais tr\u00e8s certainement incompl\u00e8te.<\/p>\n<p>En effet, les organisations d\u2019aide alimentaire fonctionnant avec du personnel en insertion ont aussi une mission sociale suppl\u00e9mentaire : celle d\u2019ins\u00e9rer le personnel sur le march\u00e9 de l\u2019emploi. Cette plus-value sociale ne peut se faire sans moyens suppl\u00e9mentaires.<\/p>\n<p>Nous aimons \u00e0 penser que nos cadres se veulent s\u00e9curisants, agr\u00e9ables, bienveillants. Nous sommes convaincus que nos murs et nos casseroles ont leur utilit\u00e9 quotidienne. N\u00e9anmoins, partir de l\u2019id\u00e9e que la pr\u00e9carit\u00e9 trouve d\u00e9j\u00e0 une r\u00e9ponse par le fait m\u00eame de notre pr\u00e9sence et que de ce fait, il n\u2019y a plus rien \u00e0 entreprendre, est un leurre. Apaiser la faim ou soulager des budgets par nature d\u00e9ficitaires, ne sont pas une fin en soi, il s\u2019agit de moyens, de pr\u00e9textes au lien que nous tentons de cr\u00e9er, de maintenir, d\u2019honorer. Ne faire que de l\u2019alimentaire au jour le jour n\u2019alimente que de l\u2019humanitaire \u00e0 courte vue.<\/p>\n<p>Nous ne nous arr\u00eatons pourtant jamais au service du dessert. Les travailleurs sociaux ont leur place dans nos structures, mais ils ne la re\u00e7oivent que peu ou prou. Pourtant, en associant une r\u00e9ponse \u00e0 un besoin physiologique de base \u00e0 un accompagnement psycho-social et\/ou administratif, nous augmentons le potentiel d\u2019accroche de la personne \u00e0 notre structure.<\/p>\n<p>Incidemment, c\u2019est une accroche au syst\u00e8me qui peut s\u2019op\u00e9rer aux moyens de nos entit\u00e9s \u00e0 taille humaine. Parce que de l\u2019aliment au ralliement d\u2019esprits, l\u2019action principale de ce quotidien est bel et bien celle d\u2019offrir la rare pr\u00e9ciosit\u00e9 d\u2019un brin d\u2019humanit\u00e9.<\/p>\n<p>Pourtant, nous voudrions ne pas \u00eatre les seuls \u00e0 penser au devenir de notre public. C\u2019est pourquoi, nous en appelons \u00e0 une action vigoureuse pour \u00e9liminer la grande pr\u00e9carit\u00e9 de nos villes, en commen\u00e7ant par donner \u00e0 chacun et chacune les moyens de vivre une existence digne. \u00c0 court terme, nous en appelons \u00e0 augmenter les minimas sociaux ainsi qu\u2019\u00e0 renforcer les moyens de l\u2019accueil et de l\u2019accompagnement psycho-social du public.<\/p>\n<p>D\u00e8s lors que nos assiettes ne seront plus utilis\u00e9es dans le cadre d\u2019une survie urbaine, nous pourrons pr\u00e9tendre \u00e0 l\u2019\u00e9tiquette du \u00ab restaurant sociable \u00bb.<\/p>\n<p>Pour en parler et le vivre<\/p>\n<p>Signataires<\/p>\n<p>La F\u00e9d\u00e9ration des Services Sociaux &#8211; Concertation Aide Alimentaire<\/p>\n<p>L\u2019asbl Source &#8211; restaurant social \u00ab La Rencontre \u00bb<\/p>\n<p>L\u2019Ilot &#8211; restaurant social \u00ab Le Clos \u00bb<\/p>\n<p>Le restaurant \u00ab Les Uns et les Autres \u00bb &#8211; Mission Locale de Molenbeek<\/p>\n<p>Le Comit\u00e9 de la Samaritaine &#8211; restaurant social<\/p>\n<p>RestoJet &#8211; service d\u2019accueil de jour &#8211; restaurant social<\/p>\n<p>L\u2019asbl Les Pissenlits Sant\u00e9 Communautaire \u00e0 Cureghem<br \/>\nLe R\u00e9seau Sant\u00e9 Diab\u00e8te<br \/>\nL\u2019asbl Nativitas &#8211; maison d\u2019accueil de jour &#8211; restaurant social<br \/>\nLe Restaurant Social \u00ab Snijboontje \u00bb<br \/>\nLa F\u00e9d\u00e9ration des Restos du C\u0153ur de Belgique<\/p>\n<p>Sur Facebook :https:\/\/www.facebook.com\/ralliementdesfourchettes\/<\/p>\n<p>Contacts presse :<\/p>\n<p>Brigitte Grisar &#8211; &#98;&#114;&#x69;&#x67;&#105;&#116;&#x74;&#x65;&#46;&#103;&#x72;&#x69;&#115;&#97;&#x72;&#x40;&#102;&#100;&#x73;&#x73;&#46;&#98;&#x65; &#8211; 0472\/47.30.74<\/p>\n[1]www.fdss.be, https:\/\/www.lastrada.brussels<\/p>\n","protected":false},"excerpt":{"rendered":"<p>Vaincre la pauvret\u00e9 est un choix de soci\u00e9t\u00e9 En Belgique pr\u00e8s de 450.000 personnes (4% de la population) n\u00e9cessitent une aide alimentaire pour s\u2019en sortir. Il y a quelques mois, \u00e0 Bruxelles, plus de 4.000 personnes vivaient sans logement personnel, en rue, en centre d\u2019h\u00e9bergement d\u2019urgence ou en squat.[1] Face \u00e0 l\u2019augmentation de la grande [&hellip;]<\/p>\n","protected":false},"author":1,"featured_media":6694,"comment_status":"open","ping_status":"open","sticky":false,"template":"","format":"standard","meta":{"_acf_changed":false,"footnotes":""},"categories":[44,1],"tags":[],"class_list":["post-1","post","type-post","status-publish","format-standard","has-post-thumbnail","hentry","category-aide-alimentaire","category-fdss"],"acf":[],"_links":{"self":[{"href":"https:\/\/www.fdss.be\/fr\/wp-json\/wp\/v2\/posts\/1","targetHints":{"allow":["GET"]}}],"collection":[{"href":"https:\/\/www.fdss.be\/fr\/wp-json\/wp\/v2\/posts"}],"about":[{"href":"https:\/\/www.fdss.be\/fr\/wp-json\/wp\/v2\/types\/post"}],"author":[{"embeddable":true,"href":"https:\/\/www.fdss.be\/fr\/wp-json\/wp\/v2\/users\/1"}],"replies":[{"embeddable":true,"href":"https:\/\/www.fdss.be\/fr\/wp-json\/wp\/v2\/comments?post=1"}],"version-history":[{"count":2,"href":"https:\/\/www.fdss.be\/fr\/wp-json\/wp\/v2\/posts\/1\/revisions"}],"predecessor-version":[{"id":72,"href":"https:\/\/www.fdss.be\/fr\/wp-json\/wp\/v2\/posts\/1\/revisions\/72"}],"wp:featuredmedia":[{"embeddable":true,"href":"https:\/\/www.fdss.be\/fr\/wp-json\/wp\/v2\/media\/6694"}],"wp:attachment":[{"href":"https:\/\/www.fdss.be\/fr\/wp-json\/wp\/v2\/media?parent=1"}],"wp:term":[{"taxonomy":"category","embeddable":true,"href":"https:\/\/www.fdss.be\/fr\/wp-json\/wp\/v2\/categories?post=1"},{"taxonomy":"post_tag","embeddable":true,"href":"https:\/\/www.fdss.be\/fr\/wp-json\/wp\/v2\/tags?post=1"}],"curies":[{"name":"wp","href":"https:\/\/api.w.org\/{rel}","templated":true}]}}